{"id":17627,"date":"2018-12-11T21:38:37","date_gmt":"2018-12-12T00:38:37","guid":{"rendered":"http:\/\/vocesparalelas.com.ar\/sitio\/?p=17627"},"modified":"2018-12-13T02:13:02","modified_gmt":"2018-12-13T05:13:02","slug":"entrega-de-certificados-correspondientes-al-componente-1-nuestra-escuela-1era-cohorte-2013","status":"publish","type":"post","link":"https:\/\/vocesparalelas.com.ar\/sitio\/entrega-de-certificados-correspondientes-al-componente-1-nuestra-escuela-1era-cohorte-2013\/","title":{"rendered":"Entrega de certificados correspondientes al Componente 1 \u00abNuestra Escuela\u00bb-1era Cohorte 2013"},"content":{"rendered":"<p>El Programa Nacional de Formaci\u00f3n Docente Situada, informa que se realizar\u00e1 la entrega de certificados correspondientes al Componente 1 \u201cNuestra Escuela\u201d \u2013 1era Cohorte 2013 a quienes no lo hayan retirado en los tiempos establecidos.<\/p>\n<p>Dichas certificaciones incluyen las Jornadas Institucionales en los niveles Inicial, Primario y Secundario, as\u00ed como a sus respectivos supervisores y directivos.<\/p>\n<p>La entrega se realiza al titular o a quien presente DNI del titular en la Planta Baja del Centro C\u00edvico los d\u00edas:<\/p>\n<ul>\n<li>Mi\u00e9rcoles, 26 de Diciembre, de 10:00 a 15:00 hs.<\/li>\n<li>Jueves, 27 de Diciembre, de 10:00 a 15:00 hs.<\/li>\n<li>Viernes, 28 de Diciembre, de 10:00 a 15:00 hs.<\/li>\n<\/ul>\n<p>La n\u00f3mina de docentes certificados fue notificada v\u00eda whatsapp a supervisores, directivos y docentes a los efectos de presentarse a retirar s\u00f3lo los que figuran en la misma.<\/p>\n<p>Quienes no figuran en dicho listado y pertenecen a la 1era cohorte (2013) deben hacer el reclamo enviando nombre y apellido, DNI, escuela\/s en la\/s que realiz\u00f3 las jornadas y cargo que ocupa en ese momento (2013), nivel y tel\u00e9fono de contacto al siguiente correo: <a href=\"mailto:certificacionessituadasanjuan@gmail.com\">certificacionessituadasanjuan@gmail.com<\/a><\/p>\n<p>A continuaci\u00f3n se adjunta la n\u00f3mina de docentes certificados<\/p>\n<p><a href=\"https:\/\/vocesparalelas.com.ar\/sitio\/wp-content\/uploads\/2018\/12\/MESJ-N\u00f3mina-de-supervisores-directivos-y-docentes-1.pdf\">MESJ-N\u00f3mina de supervisores, directivos y docentes-1<\/a><\/p>\n<p>&nbsp;<\/p>\n","protected":false},"excerpt":{"rendered":"<p>El Programa Nacional de Formaci\u00f3n Docente Situada, informa que se realizar\u00e1 la entrega de certificados correspondientes al Componente 1 \u201cNuestra<\/p>\n","protected":false},"author":3,"featured_media":5022,"comment_status":"closed","ping_status":"closed","sticky":false,"template":"","format":"standard","meta":{"_acf_changed":false,"_seopress_robots_primary_cat":"","_seopress_titles_title":"","_seopress_titles_desc":"","_seopress_robots_index":"","colormag_page_container_layout":"default_layout","colormag_page_sidebar_layout":"default_layout","footnotes":""},"categories":[5],"tags":[],"class_list":["post-17627","post","type-post","status-publish","format-standard","has-post-thumbnail","hentry","category-ofrecimientos"],"acf":[],"_links":{"self":[{"href":"https:\/\/vocesparalelas.com.ar\/sitio\/wp-json\/wp\/v2\/posts\/17627","targetHints":{"allow":["GET"]}}],"collection":[{"href":"https:\/\/vocesparalelas.com.ar\/sitio\/wp-json\/wp\/v2\/posts"}],"about":[{"href":"https:\/\/vocesparalelas.com.ar\/sitio\/wp-json\/wp\/v2\/types\/post"}],"author":[{"embeddable":true,"href":"https:\/\/vocesparalelas.com.ar\/sitio\/wp-json\/wp\/v2\/users\/3"}],"replies":[{"embeddable":true,"href":"https:\/\/vocesparalelas.com.ar\/sitio\/wp-json\/wp\/v2\/comments?post=17627"}],"version-history":[{"count":0,"href":"https:\/\/vocesparalelas.com.ar\/sitio\/wp-json\/wp\/v2\/posts\/17627\/revisions"}],"wp:featuredmedia":[{"embeddable":true,"href":"https:\/\/vocesparalelas.com.ar\/sitio\/wp-json\/wp\/v2\/media\/5022"}],"wp:attachment":[{"href":"https:\/\/vocesparalelas.com.ar\/sitio\/wp-json\/wp\/v2\/media?parent=17627"}],"wp:term":[{"taxonomy":"category","embeddable":true,"href":"https:\/\/vocesparalelas.com.ar\/sitio\/wp-json\/wp\/v2\/categories?post=17627"},{"taxonomy":"post_tag","embeddable":true,"href":"https:\/\/vocesparalelas.com.ar\/sitio\/wp-json\/wp\/v2\/tags?post=17627"}],"curies":[{"name":"wp","href":"https:\/\/api.w.org\/{rel}","templated":true}]}}