{"id":17625,"date":"2018-12-11T21:13:38","date_gmt":"2018-12-12T00:13:38","guid":{"rendered":"http:\/\/vocesparalelas.com.ar\/sitio\/?p=17625"},"modified":"2018-12-13T02:13:55","modified_gmt":"2018-12-13T05:13:55","slug":"se-convoca-a-los-docentes-para-que-retiren-la-certificacion-de-postitulo-del-concurso-de-ascenso-2016","status":"publish","type":"post","link":"https:\/\/vocesparalelas.com.ar\/sitio\/se-convoca-a-los-docentes-para-que-retiren-la-certificacion-de-postitulo-del-concurso-de-ascenso-2016\/","title":{"rendered":"Se convoca a los docentes para que retiren la Certificaci\u00f3n de Post\u00edtulo del Concurso de Ascenso 2016"},"content":{"rendered":"<p>El Ministerio de Educaci\u00f3n, informa a todos los docentes aspirantes del Concurso de Ascenso 2016 que aprobaron la Instancia de Oposici\u00f3n y que no eligieron cargos, que deben pasar por la Isla del Ministerio de Educaci\u00f3n en la Planta Baja del Centro C\u00edvico, a retirar la certificaci\u00f3n de Post\u00edtulo \u201cActualizaci\u00f3n Acad\u00e9mica en conducci\u00f3n de las instituciones educativas\u201d, el 11 y 12 de Diciembre, de 18:00 a 20:00 hs.<\/p>\n<p>&nbsp;<\/p>\n","protected":false},"excerpt":{"rendered":"<p>El Ministerio de Educaci\u00f3n, informa a todos los docentes aspirantes del Concurso de Ascenso 2016 que aprobaron la Instancia de<\/p>\n","protected":false},"author":3,"featured_media":5022,"comment_status":"closed","ping_status":"closed","sticky":false,"template":"","format":"standard","meta":{"_acf_changed":false,"_seopress_robots_primary_cat":"","_seopress_titles_title":"","_seopress_titles_desc":"","_seopress_robots_index":"","colormag_page_container_layout":"default_layout","colormag_page_sidebar_layout":"default_layout","footnotes":""},"categories":[2],"tags":[],"class_list":["post-17625","post","type-post","status-publish","format-standard","has-post-thumbnail","hentry","category-convocatorias"],"acf":[],"_links":{"self":[{"href":"https:\/\/vocesparalelas.com.ar\/sitio\/wp-json\/wp\/v2\/posts\/17625","targetHints":{"allow":["GET"]}}],"collection":[{"href":"https:\/\/vocesparalelas.com.ar\/sitio\/wp-json\/wp\/v2\/posts"}],"about":[{"href":"https:\/\/vocesparalelas.com.ar\/sitio\/wp-json\/wp\/v2\/types\/post"}],"author":[{"embeddable":true,"href":"https:\/\/vocesparalelas.com.ar\/sitio\/wp-json\/wp\/v2\/users\/3"}],"replies":[{"embeddable":true,"href":"https:\/\/vocesparalelas.com.ar\/sitio\/wp-json\/wp\/v2\/comments?post=17625"}],"version-history":[{"count":0,"href":"https:\/\/vocesparalelas.com.ar\/sitio\/wp-json\/wp\/v2\/posts\/17625\/revisions"}],"wp:featuredmedia":[{"embeddable":true,"href":"https:\/\/vocesparalelas.com.ar\/sitio\/wp-json\/wp\/v2\/media\/5022"}],"wp:attachment":[{"href":"https:\/\/vocesparalelas.com.ar\/sitio\/wp-json\/wp\/v2\/media?parent=17625"}],"wp:term":[{"taxonomy":"category","embeddable":true,"href":"https:\/\/vocesparalelas.com.ar\/sitio\/wp-json\/wp\/v2\/categories?post=17625"},{"taxonomy":"post_tag","embeddable":true,"href":"https:\/\/vocesparalelas.com.ar\/sitio\/wp-json\/wp\/v2\/tags?post=17625"}],"curies":[{"name":"wp","href":"https:\/\/api.w.org\/{rel}","templated":true}]}}