{"id":17623,"date":"2018-12-11T21:10:06","date_gmt":"2018-12-12T00:10:06","guid":{"rendered":"http:\/\/vocesparalelas.com.ar\/sitio\/?p=17623"},"modified":"2018-12-13T02:33:32","modified_gmt":"2018-12-13T05:33:32","slug":"cronograma-para-la-firma-del-nuevo-contrato-de-trabajo","status":"publish","type":"post","link":"https:\/\/vocesparalelas.com.ar\/sitio\/cronograma-para-la-firma-del-nuevo-contrato-de-trabajo\/","title":{"rendered":"Cronograma para la firma del Nuevo Contrato de Trabajo"},"content":{"rendered":"<p>Se informa al personal de servicios generales y administrativos contratados del Ministerio de Educaci\u00f3n de la Provincia de San Juan el siguiente cronograma para la firma del nuevo contrato de trabajo que por decreto 2085\/18 es el que corresponda para la continuidad de su trabajo, quedando anulado el contrato que firmaron con anterioridad.<\/p>\n<p><span style=\"color: #ff0000\"><strong>Cronograma<\/strong><\/span><\/p>\n<table width=\"519\">\n<tbody>\n<tr>\n<td width=\"272\"><span style=\"color: #ff0000\"><strong>INICIAL DE SU APELLIDO<\/strong><\/span><\/td>\n<td width=\"244\"><span style=\"color: #ff0000\"><strong>D\u00cdAS<\/strong><\/span><\/td>\n<\/tr>\n<tr>\n<td width=\"272\">A &#8211; B &#8211; C &#8211; D<\/td>\n<td width=\"244\">Mi\u00e9rcoles, 12 de Diciembre<\/td>\n<\/tr>\n<tr>\n<td width=\"272\">\u00a0E \u2013 F \u2013 G \u2013 H \u2013 I \u2013 J \u2013 K \u2013 L \u2013 M<\/td>\n<td width=\"244\">Jueves, 13 de Diciembre<\/td>\n<\/tr>\n<tr>\n<td width=\"272\">N \u2013 O \u2013 P \u2013 Q \u2013 R<\/td>\n<td width=\"244\">Viernes, 14 de Diciembre<\/td>\n<\/tr>\n<tr>\n<td width=\"272\">S \u2013 T \u2013 U \u2013 V \u2013 W \u2013 Y \u2013 Z<\/td>\n<td width=\"244\">Lunes, 17 de Diciembre<\/td>\n<\/tr>\n<\/tbody>\n<\/table>\n<p>&nbsp;<\/p>\n<p><span style=\"color: #ff0000\"><strong>Documentaci\u00f3n a presentar<\/strong><\/span><\/p>\n<ol>\n<li>Facturero o duplicado de alguna factura presentada en el departamento.)<\/li>\n<li>Fotocopia del Residual del Banco San Juan, Comprobante que se emite al lado del Hotel Provincial por \u00fanica vez, por lo que, si ya lo ha pedido, buscar ese comprobante que sac\u00f3.<\/li>\n<li>P\u00f3liza de seguro de muerte, invalidez y gastos m\u00e9dicos \u2013 farmac\u00e9uticos, en caso de no poder ser emitido, certificado o constancia de inscripci\u00f3n en la aseguradora donde conste la cobertura y el monto de las mismas.<\/li>\n<\/ol>\n<p>El lugar de atenci\u00f3n es en el Departamento de Log\u00edstica y Oficina de Contratos, n\u00facleo 2 del Ministerio de Educaci\u00f3n, del Centro C\u00edvico, es por orden de llegada, de 08: a 17:00 hs.<\/p>\n<p>Se ruega respetar los d\u00edas y horarios asignados. En caso de no presentar debidamente la documentaci\u00f3n en los d\u00edas se\u00f1alados, no tiene continuidad su contrato de trabajo.<\/p>\n<p>Con respecto a los contratados que residen en los departamentos de Jachal, Iglesia, Calingasta y Valle F\u00e9rtil no rige el cronograma debido a que el Ministerio de Educaci\u00f3n, personal especializado se encarga de ir a esos departamentos en horarios que oportunamente se informara a los respectivos directores de \u00e1rea.<\/p>\n<p>&nbsp;<\/p>\n<p>&nbsp;<\/p>\n<p>&nbsp;<\/p>\n","protected":false},"excerpt":{"rendered":"<p>Se informa al personal de servicios generales y administrativos contratados del Ministerio de Educaci\u00f3n de la Provincia de San Juan<\/p>\n","protected":false},"author":3,"featured_media":5037,"comment_status":"closed","ping_status":"closed","sticky":false,"template":"","format":"standard","meta":{"_acf_changed":false,"_seopress_robots_primary_cat":"","_seopress_titles_title":"","_seopress_titles_desc":"","_seopress_robots_index":"","colormag_page_container_layout":"default_layout","colormag_page_sidebar_layout":"default_layout","footnotes":""},"categories":[2],"tags":[],"class_list":["post-17623","post","type-post","status-publish","format-standard","has-post-thumbnail","hentry","category-convocatorias"],"acf":[],"_links":{"self":[{"href":"https:\/\/vocesparalelas.com.ar\/sitio\/wp-json\/wp\/v2\/posts\/17623","targetHints":{"allow":["GET"]}}],"collection":[{"href":"https:\/\/vocesparalelas.com.ar\/sitio\/wp-json\/wp\/v2\/posts"}],"about":[{"href":"https:\/\/vocesparalelas.com.ar\/sitio\/wp-json\/wp\/v2\/types\/post"}],"author":[{"embeddable":true,"href":"https:\/\/vocesparalelas.com.ar\/sitio\/wp-json\/wp\/v2\/users\/3"}],"replies":[{"embeddable":true,"href":"https:\/\/vocesparalelas.com.ar\/sitio\/wp-json\/wp\/v2\/comments?post=17623"}],"version-history":[{"count":0,"href":"https:\/\/vocesparalelas.com.ar\/sitio\/wp-json\/wp\/v2\/posts\/17623\/revisions"}],"wp:featuredmedia":[{"embeddable":true,"href":"https:\/\/vocesparalelas.com.ar\/sitio\/wp-json\/wp\/v2\/media\/5037"}],"wp:attachment":[{"href":"https:\/\/vocesparalelas.com.ar\/sitio\/wp-json\/wp\/v2\/media?parent=17623"}],"wp:term":[{"taxonomy":"category","embeddable":true,"href":"https:\/\/vocesparalelas.com.ar\/sitio\/wp-json\/wp\/v2\/categories?post=17623"},{"taxonomy":"post_tag","embeddable":true,"href":"https:\/\/vocesparalelas.com.ar\/sitio\/wp-json\/wp\/v2\/tags?post=17623"}],"curies":[{"name":"wp","href":"https:\/\/api.w.org\/{rel}","templated":true}]}}