{"id":17620,"date":"2018-12-10T20:19:15","date_gmt":"2018-12-10T23:19:15","guid":{"rendered":"http:\/\/vocesparalelas.com.ar\/sitio\/?p=17620"},"modified":"2018-12-11T20:26:01","modified_gmt":"2018-12-11T23:26:01","slug":"presentan-el-libro-psicotango-psicodanza-un-grupo-especial","status":"publish","type":"post","link":"https:\/\/vocesparalelas.com.ar\/sitio\/presentan-el-libro-psicotango-psicodanza-un-grupo-especial\/","title":{"rendered":"Presentan el libro \u201cPsicotango\u2013 Psicodanza. Un Grupo Especial\u201d"},"content":{"rendered":"<div class=\"itemFullText jbintrotext\">\n<p>En el marco del D\u00eda Nacional del Tango, el vicegobernador de San Juan, Dr.Marcelo Lima, invita a la comunidad sanjuanina a participar de la presentaci\u00f3n del libro \u201cPsicotango\u2013 Psicodanza. Un Grupo Especial\u201d de autor\u00eda de Claudia Ag\u00fcero,\u00a0 el Martes, 11 de Diciembre, a las 20.30 horas, en el Caf\u00e9 Literario de la Biblioteca \u00abSarmiento Legislador\u00bb de la C\u00e1mara de Diputados.<\/p>\n<\/div>\n<div class=\"itemFullText\">\n<p>La presentaci\u00f3n est\u00e1 a cargo de la doctora Mar\u00eda Alejandra Ferr\u00f3n y la profesora Yolanda Ag\u00fcero. Acompa\u00f1a en la ocasi\u00f3n, Jos\u00e9 Luis Peletier en danza.<\/p>\n<p><span style=\"color: #008000\"><strong>\u00a0Sobre la obra<\/strong><\/span><\/p>\n<p>Claudia Ag\u00fcero relata su experiencia de desarrollar, a trav\u00e9s del tango, una herramienta terap\u00e9utica. Desde tiempos remotos el ser humano se ha expresado art\u00edsticamente, incluso antes de que apareciera el lenguaje verbal y la convenci\u00f3n del dinero; \u00a0por eso la expresi\u00f3n art\u00edstica hoy rescata esos valores que otorgan un efecto integrador en donde la mente, las emociones y los aspectos f\u00edsico, espiritual y social en el ser humano, son una unidad. El arte, y en este caso el baile, es un recurso mediante el cual, hombres y mujeres se conectan con su entorno y su ser.<\/p>\n<p>El recorrido de las p\u00e1ginas de este libro incita a conocer por qu\u00e9 esta danza provoca la comunicaci\u00f3n verbal y grupal; desarrolla habilidades de relaci\u00f3n social y el v\u00ednculo con sus pares; ayuda a restablecer lazos con los dem\u00e1s; fomenta la autoestima mediante la creatividad; act\u00faa el abrazo como una v\u00eda de contenci\u00f3n; promueve la comunicaci\u00f3n, el di\u00e1logo corporal; aumenta la sensibilidad, logra la ubicaci\u00f3n en el aqu\u00ed y ahora, facilita las relaciones vinculares; mejora el manejo de la corporeidad, el equilibrio y la expresi\u00f3n.<\/p>\n<\/div>\n<p>&nbsp;<\/p>\n<p><img loading=\"lazy\" decoding=\"async\" class=\"alignnone size-full wp-image-3451\" src=\"https:\/\/vocesparalelas.com.ar\/sitio\/wp-content\/uploads\/2017\/07\/BIBLIOTECA-02.jpg\" alt=\"\" width=\"1024\" height=\"768\" srcset=\"https:\/\/vocesparalelas.com.ar\/sitio\/wp-content\/uploads\/2017\/07\/BIBLIOTECA-02.jpg 1024w, https:\/\/vocesparalelas.com.ar\/sitio\/wp-content\/uploads\/2017\/07\/BIBLIOTECA-02-300x225.jpg 300w, https:\/\/vocesparalelas.com.ar\/sitio\/wp-content\/uploads\/2017\/07\/BIBLIOTECA-02-768x576.jpg 768w, https:\/\/vocesparalelas.com.ar\/sitio\/wp-content\/uploads\/2017\/07\/BIBLIOTECA-02-800x600.jpg 800w\" sizes=\"auto, (max-width: 1024px) 100vw, 1024px\" \/><\/p>\n","protected":false},"excerpt":{"rendered":"<p>En el marco del D\u00eda Nacional del Tango, el vicegobernador de San Juan, Dr.Marcelo Lima, invita a la comunidad sanjuanina<\/p>\n","protected":false},"author":3,"featured_media":17621,"comment_status":"closed","ping_status":"closed","sticky":false,"template":"","format":"standard","meta":{"_acf_changed":false,"_seopress_robots_primary_cat":"","_seopress_titles_title":"","_seopress_titles_desc":"","_seopress_robots_index":"","colormag_page_container_layout":"default_layout","colormag_page_sidebar_layout":"default_layout","footnotes":""},"categories":[1],"tags":[],"class_list":["post-17620","post","type-post","status-publish","format-standard","has-post-thumbnail","hentry","category-destacadas"],"acf":[],"_links":{"self":[{"href":"https:\/\/vocesparalelas.com.ar\/sitio\/wp-json\/wp\/v2\/posts\/17620","targetHints":{"allow":["GET"]}}],"collection":[{"href":"https:\/\/vocesparalelas.com.ar\/sitio\/wp-json\/wp\/v2\/posts"}],"about":[{"href":"https:\/\/vocesparalelas.com.ar\/sitio\/wp-json\/wp\/v2\/types\/post"}],"author":[{"embeddable":true,"href":"https:\/\/vocesparalelas.com.ar\/sitio\/wp-json\/wp\/v2\/users\/3"}],"replies":[{"embeddable":true,"href":"https:\/\/vocesparalelas.com.ar\/sitio\/wp-json\/wp\/v2\/comments?post=17620"}],"version-history":[{"count":0,"href":"https:\/\/vocesparalelas.com.ar\/sitio\/wp-json\/wp\/v2\/posts\/17620\/revisions"}],"wp:featuredmedia":[{"embeddable":true,"href":"https:\/\/vocesparalelas.com.ar\/sitio\/wp-json\/wp\/v2\/media\/17621"}],"wp:attachment":[{"href":"https:\/\/vocesparalelas.com.ar\/sitio\/wp-json\/wp\/v2\/media?parent=17620"}],"wp:term":[{"taxonomy":"category","embeddable":true,"href":"https:\/\/vocesparalelas.com.ar\/sitio\/wp-json\/wp\/v2\/categories?post=17620"},{"taxonomy":"post_tag","embeddable":true,"href":"https:\/\/vocesparalelas.com.ar\/sitio\/wp-json\/wp\/v2\/tags?post=17620"}],"curies":[{"name":"wp","href":"https:\/\/api.w.org\/{rel}","templated":true}]}}