{"id":17617,"date":"2018-12-11T18:12:40","date_gmt":"2018-12-11T21:12:40","guid":{"rendered":"http:\/\/vocesparalelas.com.ar\/sitio\/?p=17617"},"modified":"2018-12-14T02:33:23","modified_gmt":"2018-12-14T05:33:23","slug":"temario-de-la-primera-sesion-extraordinaria","status":"publish","type":"post","link":"https:\/\/vocesparalelas.com.ar\/sitio\/temario-de-la-primera-sesion-extraordinaria\/","title":{"rendered":"Temario de la Primera Sesi\u00f3n Extraordinaria"},"content":{"rendered":"<div class=\"itemFullText jbintrotext\">\n<p>La C\u00e1mara de Diputados de San Juan celebra el Jueves, 13 de Diciembre, a las 9:30 hs, la Primera Sesi\u00f3n Extraordinaria, en cuyo transcurso aborda diversos temas entre ellos modificaci\u00f3n a las Leyes del Fondo Especial para el Desarrollo Minero, para servicios de seguridad; la aplicaci\u00f3n de un subsidio destinado a municipios de la provincia y la adopci\u00f3n de la bandera de la provincia.<\/p>\n<\/div>\n<div class=\"itemFullText\">\n<p>Estos y otros temas surgieron de la reuni\u00f3n de Labor Parlamentaria, en cuyo transcurso el vicegobernador y presidente nato de la C\u00e1mara de Diputados, Dr. Marcelo Jorge Lima, junto a los presidentes de bloque y el secretario Legislativo, Dr. Mario Herrero, seleccionaron para debatir en la reuni\u00f3n.<\/p>\n<p><span style=\"color: #800080\"><strong>Modificaci\u00f3n a la Ley 970-M<\/strong><\/span><\/p>\n<p>En primer t\u00e9rmino, el cuerpo parlamentario deber\u00e1 considerar el proyecto de ley, autor\u00eda del diputado Jorge Espejo, por el que propone modificar la Ley 970-M del Fondo Especial para el Desarrollo Minero.<\/p>\n<p><span style=\"color: #800080\"><strong>Modifican leyes para servicios de seguridad<\/strong><\/span><\/p>\n<p>Los legisladores deber\u00e1n considerar sobre tablas el Mensaje N\u00ba 017 y proyecto de Ley remitido por el Poder Ejecutivo por el que propone modificar las Leyes 478-R y 926-R, con la finalidad que las personas humanas o jur\u00eddicas que cuenten con la debida autorizaci\u00f3n, puedan prestar los servicios de seguridad, custodia y vigilancia en edificios y actividades del Estado.<\/p>\n<p>Sostiene adem\u00e1s que las modificaciones propuestas beneficiar\u00e1n en forma directa a la Polic\u00eda de San Juan, ya que el servicio de adicionales a su cargo est\u00e1 saturado de pedidos, en virtud de los requerimientos de entidades p\u00fablicas y de los eventos deportivos de la provincia, que deben ser cubiertos con su custodia y vigilancia.<\/p>\n<p>Por otro lado, las modificaciones en el servicio de seguridad, custodia y vigilancia en edificios y actividades del Estado le permitir\u00e1n al Ministerio de Gobierno disponer de mayor personal para la diaria tarea de la Polic\u00eda de San Juan en el territorio de la provincia.<\/p>\n<p>El art\u00edculo 1\u00ba sustituye el art\u00edculo 1\u00ba de la Ley 478-R por el siguiente:<\/p>\n<p>Art\u00edculo 1\u00ba- Los servicios de seguridad, custodia y vigilancia para edificios y actividades del Estado provincial pueden ser cubiertos por la Polic\u00eda de la provincia, por los propios sistemas de seguridad dependientes de cada repartici\u00f3n o por personas humanas o jur\u00eddicas habilitadas a prestar el servicio de vigilancia privada, de conformidad a lo establecido\u00a0 en la Ley 926-R.<\/p>\n<p>Por otra parte, el art\u00edculo 2\u00ba deroga el art\u00edculo 3\u00ba de la Ley 478-R.<\/p>\n<p>En tanto que el art\u00edculo 3\u00ba sustituye el inciso a) del art\u00edculo 2\u00ba de la Ley 926-R por el siguiente:<\/p>\n<p><strong>a)\u00a0\u00a0\u00a0\u00a0<\/strong>Vigilancia privada: tiene por objeto la seguridad de personas y bienes en lugares fijos. La vigilancia privada incluye adem\u00e1s, la actividad de seguridad, custodia, guardia, porter\u00eda, cualquiera sea la denominaci\u00f3n que se utilice y en tanto responda a tal objeto, prestada en los organismos de los poderes p\u00fablicos, entes de la administraci\u00f3n centralizada y descentralizada, empresas p\u00fablicas, sociedades con participaci\u00f3n mayoritaria del Estado, locales bailables, confiter\u00edas y todo otro lugar destinado a la recreaci\u00f3n, esparcimientos varios, fiestas o eventos ocasionales.<\/p>\n<p>A la vez, el art\u00edculo 4\u00ba, deroga el inciso a) del art\u00edculo 8 de la Ley 926-R.<\/p>\n<p><span style=\"color: #800080\"><strong>Subsidio a municipios de la provincia<\/strong><\/span><\/p>\n<p>El cuerpo, sobre tablas, deber\u00e1 ratificar el Mensaje N\u00ba 0109 y Ley de Necesidad y Urgencia \u00a0\u00a0remitido por el Poder Ejecutivo, que con aval de las respectivas comisiones, propone asignar a los municipios de la provincia de San Juan un subsidio por la suma de 14.690.968 pesos.<\/p>\n<p>La ley establece en su art\u00edculo primero que acuerda un subsidio por la suma de Pesos Catorce Millones Seiscientos Noventa Mil Novecientos Sesenta y Ocho, a los fines de reforzar financieramente a los mismos en el marco de la pol\u00edtica salarial vigente, a distribuir conforme la metodolog\u00eda que establezca el Poder Ejecutivo.<\/p>\n<p>En tanto que el art\u00edculo segundo, estipula que faculta al Poder Ejecutivo para que, a trav\u00e9s del Ministerio de Hacienda y Finanzas, realice las modificaciones presupuestarias que fueren necesarias y determine la forma en que ser\u00e1 transferido el subsidio.<\/p>\n<p>Por otra parte, el art\u00edculo tercero puntualiza que la ley es de necesidad y urgencia.<\/p>\n<p>Por \u00faltimo, el art\u00edculo cuarto reza \u201ccomun\u00edquese y el\u00e9vese esta Ley a la C\u00e1mara de Diputados de la provincia a los fines de los Art\u00edculos 157\u00ba de la Constituci\u00f3n de la provincia y publ\u00edquese en el Bolet\u00edn Oficial\u201d.<\/p>\n<p><span style=\"color: #800080\"><strong>Adopci\u00f3n de la bandera de la provincia<\/strong><\/span><\/p>\n<p>El cuerpo deber\u00e1 considerar, sobre tablas, si ofrece acuerdo al Mensaje N\u00ba 0111 y proyecto de Ley remitido por el Poder Ejecutivo, con aval de las respectivas comisiones, por el que adopta como bandera de la provincia de San Juan, a la bandera de la IV Divisi\u00f3n Norte del Ej\u00e9rcito de los Andes al frente del teniente coronel Juan Manuel Cabot.<\/p>\n<p><span style=\"color: #800080\"><strong>Convenio por infraestructura tecnol\u00f3gica<\/strong><\/span><\/p>\n<p>Asimismo, deber\u00e1 considerar sobre tablas el Mensaje N\u00ba 112 y proyecto de Ley remitido por el Poder Ejecutivo, con despacho favorable de las respectivas comisiones, por el que aprueba el r\u00e9gimen contrato y ejecuci\u00f3n obras menores y mantenimiento e infraestructura tecnol\u00f3gica.<\/p>\n<p><span style=\"color: #800080\"><strong>Adhesi\u00f3n a Proyectos PPP<\/strong><\/span><\/p>\n<p>Los legisladores deber\u00e1n considerar sobre tablas si ofrecen conformidad al Mensaje N\u00ba 113 y proyecto de Ley remitido por el Poder Ejecutivo, con aval de las correspondientes comisiones, \u00a0por el que la provincia de San Juan adhiere a la Ley Nacional N\u00ba 27.328, r\u00e9gimen de contrato de proyectos de Participaci\u00f3n P\u00fablica y Privada (PPP).<\/p>\n<p><span style=\"color: #800080\"><strong>Servicios de energ\u00eda<\/strong><\/span><\/p>\n<p>Posteriormente, sobre tablas, abordar\u00e1n el tratamiento del Mensaje N\u00ba 0115 y proyecto de Ley remitido por el Poder Ejecutivo, con aval de las comisiones respectivas, por el que aprueba los lineamientos generales b\u00e1sicos de los subsidios tarifarios de la energ\u00eda el\u00e9ctrica para usuarios residenciales y productivos.<\/p>\n<p><span style=\"color: #800080\"><strong>Proyectos de Resoluci\u00f3n<\/strong><\/span><\/p>\n<p>Los legisladores deber\u00e1n considerar los proyectos de Resoluci\u00f3n, con despacho favorable de las respectivas comisiones, que proponen declarar de Inter\u00e9s:<\/p>\n<ul>\n<li><span style=\"color: #800080\"><strong>Social y Cultural<\/strong><\/span>las actividades culturales, deportivas y tur\u00edsticas organizadas por el Centro de Jubilados y Pensionados Legislativos San Juan: \u201cCanto a la Alegr\u00eda\u201d, que fueron llevadas a cabo durante el a\u00f1o 2018 en la provincia de San Juan. (diputado Pablo Garc\u00eda Nieto)<\/li>\n<li><strong><span style=\"color: #800080\">Deportivo, Tur\u00edstico y Social<\/span><\/strong>la Trig\u00e9simo S\u00e9ptima edici\u00f3n de la Vuelta de San Juan, a realizarse en la provincia de San Juan entre el 27 de enero y el 3 de febrero de 2019. (bloque Justicialista).<\/li>\n<\/ul>\n<p><span style=\"color: #800080\"><strong>Proyectos girados a las Comisiones<\/strong><\/span><\/p>\n<p>Por otra parte, los diputados remitir\u00e1n a estudio y an\u00e1lisis de las comisiones, los proyectos de Ley que proponen:<\/p>\n<ul>\n<li>Crear el Consejo de Profesionales del Ambiente de la provincia de San Juan. (diputado Pablo Garc\u00eda Nieto);<\/li>\n<li>Donar un terreno en el departamento Ullum a la uni\u00f3n vecinal Higueritas II Asociaci\u00f3n Civil. (diputada Romina Solera);<\/li>\n<li>Imponer el nombre de Barrio Brisas del Este, al barrio Conjunto I del departamento Rawson. (diputado Pablo Garc\u00eda Nieto).<\/li>\n<\/ul>\n<p>Por \u00faltimo, girar\u00e1n a las comisiones el proyecto de Resoluci\u00f3n que propone declarar de Inter\u00e9s:<\/p>\n<ul>\n<li><span style=\"color: #800080\"><strong>Educativo, Social y Cultural<\/strong><\/span> el 1\u00ba Congreso Nacional \u201cDomingo Faustino Sarmiento\u201d, organizado por la Asociaci\u00f3n Civil de Egresados Escuela Industrial, a realizarse los d\u00edas 19 y 20 de septiembre de 2019 en la provincia de San Juan. (Interbloque).<\/li>\n<\/ul>\n<p><img loading=\"lazy\" decoding=\"async\" class=\"alignnone size-full wp-image-16350\" src=\"https:\/\/vocesparalelas.com.ar\/sitio\/wp-content\/uploads\/2018\/10\/CAMARA-EVACUCION-05.jpg\" alt=\"\" width=\"1000\" height=\"667\" srcset=\"https:\/\/vocesparalelas.com.ar\/sitio\/wp-content\/uploads\/2018\/10\/CAMARA-EVACUCION-05.jpg 1000w, https:\/\/vocesparalelas.com.ar\/sitio\/wp-content\/uploads\/2018\/10\/CAMARA-EVACUCION-05-300x200.jpg 300w, https:\/\/vocesparalelas.com.ar\/sitio\/wp-content\/uploads\/2018\/10\/CAMARA-EVACUCION-05-768x512.jpg 768w, https:\/\/vocesparalelas.com.ar\/sitio\/wp-content\/uploads\/2018\/10\/CAMARA-EVACUCION-05-800x534.jpg 800w\" sizes=\"auto, (max-width: 1000px) 100vw, 1000px\" \/><\/p>\n<\/div>\n<p>&nbsp;<\/p>\n<p>&nbsp;<\/p>\n<p>&nbsp;<\/p>\n","protected":false},"excerpt":{"rendered":"<p>La C\u00e1mara de Diputados de San Juan celebra el Jueves, 13 de Diciembre, a las 9:30 hs, la Primera Sesi\u00f3n<\/p>\n","protected":false},"author":3,"featured_media":17618,"comment_status":"closed","ping_status":"closed","sticky":false,"template":"","format":"standard","meta":{"_acf_changed":false,"_seopress_robots_primary_cat":"","_seopress_titles_title":"","_seopress_titles_desc":"","_seopress_robots_index":"","colormag_page_container_layout":"default_layout","colormag_page_sidebar_layout":"default_layout","footnotes":""},"categories":[1],"tags":[],"class_list":["post-17617","post","type-post","status-publish","format-standard","has-post-thumbnail","hentry","category-destacadas"],"acf":[],"_links":{"self":[{"href":"https:\/\/vocesparalelas.com.ar\/sitio\/wp-json\/wp\/v2\/posts\/17617","targetHints":{"allow":["GET"]}}],"collection":[{"href":"https:\/\/vocesparalelas.com.ar\/sitio\/wp-json\/wp\/v2\/posts"}],"about":[{"href":"https:\/\/vocesparalelas.com.ar\/sitio\/wp-json\/wp\/v2\/types\/post"}],"author":[{"embeddable":true,"href":"https:\/\/vocesparalelas.com.ar\/sitio\/wp-json\/wp\/v2\/users\/3"}],"replies":[{"embeddable":true,"href":"https:\/\/vocesparalelas.com.ar\/sitio\/wp-json\/wp\/v2\/comments?post=17617"}],"version-history":[{"count":0,"href":"https:\/\/vocesparalelas.com.ar\/sitio\/wp-json\/wp\/v2\/posts\/17617\/revisions"}],"wp:featuredmedia":[{"embeddable":true,"href":"https:\/\/vocesparalelas.com.ar\/sitio\/wp-json\/wp\/v2\/media\/17618"}],"wp:attachment":[{"href":"https:\/\/vocesparalelas.com.ar\/sitio\/wp-json\/wp\/v2\/media?parent=17617"}],"wp:term":[{"taxonomy":"category","embeddable":true,"href":"https:\/\/vocesparalelas.com.ar\/sitio\/wp-json\/wp\/v2\/categories?post=17617"},{"taxonomy":"post_tag","embeddable":true,"href":"https:\/\/vocesparalelas.com.ar\/sitio\/wp-json\/wp\/v2\/tags?post=17617"}],"curies":[{"name":"wp","href":"https:\/\/api.w.org\/{rel}","templated":true}]}}