{"id":17603,"date":"2018-12-11T00:01:33","date_gmt":"2018-12-11T03:01:33","guid":{"rendered":"http:\/\/vocesparalelas.com.ar\/sitio\/?p=17603"},"modified":"2018-12-13T02:10:44","modified_gmt":"2018-12-13T05:10:44","slug":"vuelve-el-duo-minguez-barboza-con-pocito-mi-pueblo","status":"publish","type":"post","link":"https:\/\/vocesparalelas.com.ar\/sitio\/vuelve-el-duo-minguez-barboza-con-pocito-mi-pueblo\/","title":{"rendered":"Vuelve el d\u00fao M\u00ednguez &#8211; Barboza con \u201cPocito mi pueblo\u201d"},"content":{"rendered":"<p>El Domingo, 16 de Diciembre, a las 21 hs.; en el Teatro del Bicentenario, el reconocido d\u00fao M\u00ednguez &#8211; Barboza presenta \u201cPocito mi pueblo\u201d, un espect\u00e1culo solidario.<\/p>\n<p>Pasaron poco m\u00e1s de dos d\u00e9cadas desde aquel momento en el que Manuel M\u00ednguez y Am\u00e9rico \u201cPelufo\u201d Barboza decidieron abandonar los escenarios. Pero, durante el tiempo transcurrido, los pocitanos lograron mantenerse vigentes en los programas radiales de folclore y en la memoria del p\u00fablico.<\/p>\n<p><img loading=\"lazy\" decoding=\"async\" class=\"alignnone size-full wp-image-17606\" src=\"https:\/\/vocesparalelas.com.ar\/sitio\/wp-content\/uploads\/2018\/12\/DUO-01.jpg\" alt=\"\" width=\"1000\" height=\"667\" srcset=\"https:\/\/vocesparalelas.com.ar\/sitio\/wp-content\/uploads\/2018\/12\/DUO-01.jpg 1000w, https:\/\/vocesparalelas.com.ar\/sitio\/wp-content\/uploads\/2018\/12\/DUO-01-300x200.jpg 300w, https:\/\/vocesparalelas.com.ar\/sitio\/wp-content\/uploads\/2018\/12\/DUO-01-768x512.jpg 768w, https:\/\/vocesparalelas.com.ar\/sitio\/wp-content\/uploads\/2018\/12\/DUO-01-800x534.jpg 800w\" sizes=\"auto, (max-width: 1000px) 100vw, 1000px\" \/><\/p>\n<p>Por ello, la Ministro de Turismo y Cultura, Lic. Claudia Grinszpan, quien resalt\u00f3 la presencia del D\u00fao M\u00ednguez \u2013 Barboza, Los Gajos de Pinono y el D\u00fao D\u00edaz Heredia, los pocitanos que se sumar\u00e1n a esta propuesta a beneficio de la Escuela de M\u00fasica de la Municipalidad de Pocito.<\/p>\n<p><iframe loading=\"lazy\" width=\"800\" height=\"450\" src=\"https:\/\/www.youtube.com\/embed\/vZTqpqSkSC0?feature=oembed\" frameborder=\"0\" allow=\"accelerometer; autoplay; encrypted-media; gyroscope; picture-in-picture\" allowfullscreen><\/iframe><\/p>\n<p>Luego, el secretario de Infraestructura y Patrimonio Cultural y Tur\u00edstico del Ministerio de Turismo y Cultura del Gobierno de San Juan, Mario Zaguirre, invit\u00f3 a los sanjuaninos a sumarse a la propuesta folcl\u00f3rica con la vuelta del D\u00fao M\u00ednguez \u2013 Barboza.<\/p>\n<p><iframe loading=\"lazy\" width=\"800\" height=\"450\" src=\"https:\/\/www.youtube.com\/embed\/D-KElniZ29w?feature=oembed\" frameborder=\"0\" allow=\"accelerometer; autoplay; encrypted-media; gyroscope; picture-in-picture\" allowfullscreen><\/iframe><\/p>\n<p>Luego, Am\u00e9rico \u201cPelufo\u201d Barboza cont\u00f3 c\u00f3mo surge la idea de volver el D\u00fao M\u00ednguez \u2013 Barboza y trajo los recuerdos a la trayectoria art\u00edstica.<\/p>\n<p><iframe loading=\"lazy\" width=\"800\" height=\"450\" src=\"https:\/\/www.youtube.com\/embed\/VfrP4VVPe4k?feature=oembed\" frameborder=\"0\" allow=\"accelerometer; autoplay; encrypted-media; gyroscope; picture-in-picture\" allowfullscreen><\/iframe><\/p>\n<p>La invitaci\u00f3n la hizo uno de los integrantes de los Gajos de Pionono, Eduardo Oro, quien destac\u00f3 la importancia del p\u00fablico solidarios y apoyar a los artistas que van a brindar un encuentro cargado de recuerdos.<\/p>\n<p><iframe loading=\"lazy\" width=\"800\" height=\"450\" src=\"https:\/\/www.youtube.com\/embed\/Hn4Pd8g92j0?feature=oembed\" frameborder=\"0\" allow=\"accelerometer; autoplay; encrypted-media; gyroscope; picture-in-picture\" allowfullscreen><\/iframe><\/p>\n<p>El d\u00fao Minguez- Barboza trascendi\u00f3 los l\u00edmites de la provincia y tambi\u00e9n de Argentina. Con su m\u00fasica regional, pisaron escenarios en pa\u00edses como Colombia, Estados Unidos y Chile y fueron ovacionados. Adem\u00e1s, su trayectoria cuenta con presentaciones en importantes festivales provinciales y nacionales.<\/p>\n<p>\u201cPocito mi pueblo\u201d es el nombre del espect\u00e1culo que marcar\u00e1 el regreso y que incluir\u00e1 un repertorio cargado de folclore cuyano. En esta oportunidad, estar\u00e1n como invitados Los Gajos de Pinono y el D\u00fao D\u00edaz Heredia, los pocitanos que se sumar\u00e1n a esta propuesta a beneficio de la Escuela de M\u00fasica de la Municipalidad de Pocito.<\/p>\n<p>Las entradas estar\u00e1n a la venta desde hoy en la boleter\u00eda del Teatro del Bicentenario. Los precios de los tickets ser\u00e1n de $100, $150, $200 y $250.<\/p>\n<p>&nbsp;<\/p>\n<p><img loading=\"lazy\" decoding=\"async\" class=\"alignnone size-full wp-image-17604\" src=\"https:\/\/vocesparalelas.com.ar\/sitio\/wp-content\/uploads\/2018\/12\/DUO-03.jpg\" alt=\"\" width=\"1000\" height=\"667\" srcset=\"https:\/\/vocesparalelas.com.ar\/sitio\/wp-content\/uploads\/2018\/12\/DUO-03.jpg 1000w, https:\/\/vocesparalelas.com.ar\/sitio\/wp-content\/uploads\/2018\/12\/DUO-03-300x200.jpg 300w, https:\/\/vocesparalelas.com.ar\/sitio\/wp-content\/uploads\/2018\/12\/DUO-03-768x512.jpg 768w, https:\/\/vocesparalelas.com.ar\/sitio\/wp-content\/uploads\/2018\/12\/DUO-03-800x534.jpg 800w\" sizes=\"auto, (max-width: 1000px) 100vw, 1000px\" \/><\/p>\n<p>&nbsp;<\/p>\n<p>&nbsp;<\/p>\n<p>&nbsp;<\/p>\n<p>&nbsp;<\/p>\n<p>&nbsp;<\/p>\n","protected":false},"excerpt":{"rendered":"<p>El Domingo, 16 de Diciembre, a las 21 hs.; en el Teatro del Bicentenario, el reconocido d\u00fao M\u00ednguez &#8211; Barboza<\/p>\n","protected":false},"author":3,"featured_media":17605,"comment_status":"closed","ping_status":"closed","sticky":false,"template":"","format":"video","meta":{"_acf_changed":false,"_seopress_robots_primary_cat":"","_seopress_titles_title":"","_seopress_titles_desc":"","_seopress_robots_index":"","colormag_page_container_layout":"default_layout","colormag_page_sidebar_layout":"default_layout","footnotes":""},"categories":[6,7],"tags":[],"class_list":["post-17603","post","type-post","status-publish","format-video","has-post-thumbnail","hentry","category-eventos","category-videos","post_format-post-format-video"],"acf":[],"_links":{"self":[{"href":"https:\/\/vocesparalelas.com.ar\/sitio\/wp-json\/wp\/v2\/posts\/17603","targetHints":{"allow":["GET"]}}],"collection":[{"href":"https:\/\/vocesparalelas.com.ar\/sitio\/wp-json\/wp\/v2\/posts"}],"about":[{"href":"https:\/\/vocesparalelas.com.ar\/sitio\/wp-json\/wp\/v2\/types\/post"}],"author":[{"embeddable":true,"href":"https:\/\/vocesparalelas.com.ar\/sitio\/wp-json\/wp\/v2\/users\/3"}],"replies":[{"embeddable":true,"href":"https:\/\/vocesparalelas.com.ar\/sitio\/wp-json\/wp\/v2\/comments?post=17603"}],"version-history":[{"count":0,"href":"https:\/\/vocesparalelas.com.ar\/sitio\/wp-json\/wp\/v2\/posts\/17603\/revisions"}],"wp:featuredmedia":[{"embeddable":true,"href":"https:\/\/vocesparalelas.com.ar\/sitio\/wp-json\/wp\/v2\/media\/17605"}],"wp:attachment":[{"href":"https:\/\/vocesparalelas.com.ar\/sitio\/wp-json\/wp\/v2\/media?parent=17603"}],"wp:term":[{"taxonomy":"category","embeddable":true,"href":"https:\/\/vocesparalelas.com.ar\/sitio\/wp-json\/wp\/v2\/categories?post=17603"},{"taxonomy":"post_tag","embeddable":true,"href":"https:\/\/vocesparalelas.com.ar\/sitio\/wp-json\/wp\/v2\/tags?post=17603"}],"curies":[{"name":"wp","href":"https:\/\/api.w.org\/{rel}","templated":true}]}}