{"id":17600,"date":"2018-12-10T23:27:35","date_gmt":"2018-12-11T02:27:35","guid":{"rendered":"http:\/\/vocesparalelas.com.ar\/sitio\/?p=17600"},"modified":"2018-12-10T23:27:35","modified_gmt":"2018-12-11T02:27:35","slug":"la-gestion-de-unac-cierra-el-2018-con-balance-positivo-y-se-redoblan-esfuerzos-para-el-2019","status":"publish","type":"post","link":"https:\/\/vocesparalelas.com.ar\/sitio\/la-gestion-de-unac-cierra-el-2018-con-balance-positivo-y-se-redoblan-esfuerzos-para-el-2019\/","title":{"rendered":"La Gesti\u00f3n de U\u00f1ac cierra el 2018 con balance positivo y se redoblan esfuerzos para el 2019"},"content":{"rendered":"<p>Con el objetivo de realizar un balance del a\u00f1o que culmina, el gobernador de San Juan, Dr. Sergio U\u00f1ac se reuni\u00f3 en Casa de Gobierno con los miembros de su Gabinete, integrado por ministros y secretarios de Estado.<\/p>\n<p>Una vez finalizado el encuentro, el ministro de Hacienda y Finanzas, CPN Roberto Gattoni, inform\u00f3 que \u201cen este tercer a\u00f1o de gesti\u00f3n del gobernador U\u00f1ac, San Juan logr\u00f3 mantener los registros de empleo y actividad laboral por sobre la media nacional pese a la dif\u00edcil situaci\u00f3n econ\u00f3mica por la que atraviesa el pa\u00eds\u201d.<\/p>\n<p>\u201cDurante este a\u00f1o de gobierno tuvimos un nivel de actividad creciente con respecto al a\u00f1o anterior, dado que donde la Naci\u00f3n y algunas provincias importantes cayeron, San Juan mantuvo su crecimiento econ\u00f3mico, mejorando las condiciones de empleo y manteniendo una tasa de desocupaci\u00f3n menor a la mitad de la media, lo que nos impulsa a seguir manteniendo nuestras acciones para mejorar a\u00fan m\u00e1s estos \u00edndices en el futuro\u201d.<\/p>\n<p>\u201cAdem\u00e1s, el gobernador Dr. Sergio U\u00f1ac, quien cumpli\u00f3 hoy tres a\u00f1os al frente del Poder Ejecutivo, hizo un peque\u00f1o balance de gesti\u00f3n. En estos tres a\u00f1os los sanjuaninos nos hemos animado a construir en el marco de una situaci\u00f3n absolutamente delicada a nivel nacional. San Juan crece y ha hecho caer el desempleo, es parte de un pa\u00eds federal, pero muestra un crecimiento ante el decaimiento de la econom\u00eda nacional\u201d.<\/p>\n<p>\u201cEstos \u00edndices se ven reflejados en \u201cque los sanjuaninos tengan empleo, dispongamos de una provincia ordenada financieramente y con que lleguemos a fin de a\u00f1o equilibradamente, todo esto gracias a la consolidaci\u00f3n de un modelo de matriz productiva diversificada que se asienta en la solidez fiscal de la Provincia\u201d.<\/p>\n<p>\u201cEl esfuerzo de los funcionarios en el desempe\u00f1o de su trabajo y en la capacidad de mejorar y eficientizar la administraci\u00f3n\u201d.<\/p>\n<p>\u201cTerminamos muy bien este a\u00f1o a pesar de las dificultades. Esto nos reconforta pero no nos relaja; al contrario, hay muchos sanjuaninos que esperan que redoblemos esfuerzos, de la misma manera que el gobernador, que siempre nos exige dar mucho m\u00e1s porque es nuestra obligaci\u00f3n trabajar intensamente y para eso nos ha convocado\u201d.<\/p>\n<p>\u201cPor ello, U\u00f1ac pidi\u00f3 redoblar esfuerzos en el compromiso de su gesti\u00f3n para con la honestidad, la austeridad y la transparencia, as\u00ed como con la b\u00fasqueda de un mejor desempe\u00f1o de todas y cada una de las \u00e1reas que redunde en el crecimiento y el bienestar de todos los sanjuaninos\u201d \u2013 enfatiz\u00f3 Gattoni.<\/p>\n<p><iframe loading=\"lazy\" width=\"800\" height=\"450\" src=\"https:\/\/www.youtube.com\/embed\/0r4e5InTOJY?feature=oembed\" frameborder=\"0\" allow=\"accelerometer; autoplay; encrypted-media; gyroscope; picture-in-picture\" allowfullscreen><\/iframe><\/p>\n<p>&nbsp;<\/p>\n<p>&nbsp;<\/p>\n<p>&nbsp;<\/p>\n<p>&nbsp;<\/p>\n","protected":false},"excerpt":{"rendered":"<p>Con el objetivo de realizar un balance del a\u00f1o que culmina, el gobernador de San Juan, Dr. Sergio U\u00f1ac se<\/p>\n","protected":false},"author":3,"featured_media":17601,"comment_status":"closed","ping_status":"closed","sticky":false,"template":"","format":"video","meta":{"_acf_changed":false,"_seopress_robots_primary_cat":"","_seopress_titles_title":"","_seopress_titles_desc":"","_seopress_robots_index":"","colormag_page_container_layout":"default_layout","colormag_page_sidebar_layout":"default_layout","footnotes":""},"categories":[1,7],"tags":[],"class_list":["post-17600","post","type-post","status-publish","format-video","has-post-thumbnail","hentry","category-destacadas","category-videos","post_format-post-format-video"],"acf":[],"_links":{"self":[{"href":"https:\/\/vocesparalelas.com.ar\/sitio\/wp-json\/wp\/v2\/posts\/17600","targetHints":{"allow":["GET"]}}],"collection":[{"href":"https:\/\/vocesparalelas.com.ar\/sitio\/wp-json\/wp\/v2\/posts"}],"about":[{"href":"https:\/\/vocesparalelas.com.ar\/sitio\/wp-json\/wp\/v2\/types\/post"}],"author":[{"embeddable":true,"href":"https:\/\/vocesparalelas.com.ar\/sitio\/wp-json\/wp\/v2\/users\/3"}],"replies":[{"embeddable":true,"href":"https:\/\/vocesparalelas.com.ar\/sitio\/wp-json\/wp\/v2\/comments?post=17600"}],"version-history":[{"count":0,"href":"https:\/\/vocesparalelas.com.ar\/sitio\/wp-json\/wp\/v2\/posts\/17600\/revisions"}],"wp:featuredmedia":[{"embeddable":true,"href":"https:\/\/vocesparalelas.com.ar\/sitio\/wp-json\/wp\/v2\/media\/17601"}],"wp:attachment":[{"href":"https:\/\/vocesparalelas.com.ar\/sitio\/wp-json\/wp\/v2\/media?parent=17600"}],"wp:term":[{"taxonomy":"category","embeddable":true,"href":"https:\/\/vocesparalelas.com.ar\/sitio\/wp-json\/wp\/v2\/categories?post=17600"},{"taxonomy":"post_tag","embeddable":true,"href":"https:\/\/vocesparalelas.com.ar\/sitio\/wp-json\/wp\/v2\/tags?post=17600"}],"curies":[{"name":"wp","href":"https:\/\/api.w.org\/{rel}","templated":true}]}}