{"id":17596,"date":"2018-12-10T23:11:47","date_gmt":"2018-12-11T02:11:47","guid":{"rendered":"http:\/\/vocesparalelas.com.ar\/sitio\/?p=17596"},"modified":"2018-12-10T23:11:47","modified_gmt":"2018-12-11T02:11:47","slug":"se-aprobo-el-proyecto-de-carrera-docente-en-la-unsj-en-paritaria-local","status":"publish","type":"post","link":"https:\/\/vocesparalelas.com.ar\/sitio\/se-aprobo-el-proyecto-de-carrera-docente-en-la-unsj-en-paritaria-local\/","title":{"rendered":"Se aprob\u00f3 el proyecto de carrera docente en la UNSJ en Paritaria Local"},"content":{"rendered":"<p>La Asociaci\u00f3n de Docentes, Investigadores y Creadores de la Universidad Nacional de San Juan \u2013 ADICUS &#8211; informa a la comunidad universitaria que, en dependencias del Ministerio de Producci\u00f3n y Trabajo, Agencia Territorial San Juan, la Comisi\u00f3n Negociadora Paritaria de Nivel Particular de los docentes universitarios pertenecientes a la Universidad Nacional de San Juan acord\u00f3 la aprobaci\u00f3n del proyecto de carrera docente en general.<\/p>\n<p>En representaci\u00f3n de los paritarios de la UNSJ lo hicieron el Dr. Jorge Pickenhayn, Andrea Leceta y Arq. Alicia Pringles. Por ADICUS estuvieron el Prof. Jaime Barcelona, V\u00edctor Monta\u00f1o, Daniel Quiroga, Oscar Quintero, Rodrigo Videla y Mario D\u00edaz. Adem\u00e1s, participaron los gremios SIDUNSJ y UDA.<\/p>\n<p><span style=\"color: #ff0000\"><strong>Abierto el acto paritario se resolvi\u00f3 lo siguiente:<\/strong><\/span><\/p>\n<p>1-Aprobar el proyecto de carrera docente en general, que se adjunta a la presente.<\/p>\n<p>2-Ante el pedido de ADICUS, dejar en suspenso \u00fanicamente la aplicabilidad de los art. 41 y 45 del proyecto de carrera docente, que se discutir\u00e1 en paritarias.<\/p>\n<p>3-Discutir en paritarias el pedido de SIDUNSJ, de incorporaci\u00f3n de los\/as jefes\/as de departamento en la n\u00f3mina de excepciones prevista en el Art. 61.<\/p>\n<p>4- La paritaria acuerda reunirse el 14 de diciembre de 2018 a las 9:00 horas a los efectos de poner en funcionamiento los mecanismos para la aplicaci\u00f3n del art. 73 del CCT. 1246\/15.<\/p>\n<p>&nbsp;<\/p>\n<p><img loading=\"lazy\" decoding=\"async\" class=\"alignnone size-full wp-image-17597\" src=\"https:\/\/vocesparalelas.com.ar\/sitio\/wp-content\/uploads\/2018\/12\/PARITARIA-ADICUS.jpg\" alt=\"\" width=\"768\" height=\"1024\" srcset=\"https:\/\/vocesparalelas.com.ar\/sitio\/wp-content\/uploads\/2018\/12\/PARITARIA-ADICUS.jpg 768w, https:\/\/vocesparalelas.com.ar\/sitio\/wp-content\/uploads\/2018\/12\/PARITARIA-ADICUS-225x300.jpg 225w, https:\/\/vocesparalelas.com.ar\/sitio\/wp-content\/uploads\/2018\/12\/PARITARIA-ADICUS-600x800.jpg 600w\" sizes=\"auto, (max-width: 768px) 100vw, 768px\" \/><\/p>\n<p>&nbsp;<\/p>\n<p>&nbsp;<\/p>\n<p>&nbsp;<\/p>\n<p>&nbsp;<\/p>\n<p>&nbsp;<\/p>\n<p>&nbsp;<\/p>\n","protected":false},"excerpt":{"rendered":"<p>La Asociaci\u00f3n de Docentes, Investigadores y Creadores de la Universidad Nacional de San Juan \u2013 ADICUS &#8211; informa a la<\/p>\n","protected":false},"author":3,"featured_media":17598,"comment_status":"closed","ping_status":"closed","sticky":false,"template":"","format":"standard","meta":{"_acf_changed":false,"_seopress_robots_primary_cat":"","_seopress_titles_title":"","_seopress_titles_desc":"","_seopress_robots_index":"","colormag_page_container_layout":"default_layout","colormag_page_sidebar_layout":"default_layout","footnotes":""},"categories":[1],"tags":[],"class_list":["post-17596","post","type-post","status-publish","format-standard","has-post-thumbnail","hentry","category-destacadas"],"acf":[],"_links":{"self":[{"href":"https:\/\/vocesparalelas.com.ar\/sitio\/wp-json\/wp\/v2\/posts\/17596","targetHints":{"allow":["GET"]}}],"collection":[{"href":"https:\/\/vocesparalelas.com.ar\/sitio\/wp-json\/wp\/v2\/posts"}],"about":[{"href":"https:\/\/vocesparalelas.com.ar\/sitio\/wp-json\/wp\/v2\/types\/post"}],"author":[{"embeddable":true,"href":"https:\/\/vocesparalelas.com.ar\/sitio\/wp-json\/wp\/v2\/users\/3"}],"replies":[{"embeddable":true,"href":"https:\/\/vocesparalelas.com.ar\/sitio\/wp-json\/wp\/v2\/comments?post=17596"}],"version-history":[{"count":0,"href":"https:\/\/vocesparalelas.com.ar\/sitio\/wp-json\/wp\/v2\/posts\/17596\/revisions"}],"wp:featuredmedia":[{"embeddable":true,"href":"https:\/\/vocesparalelas.com.ar\/sitio\/wp-json\/wp\/v2\/media\/17598"}],"wp:attachment":[{"href":"https:\/\/vocesparalelas.com.ar\/sitio\/wp-json\/wp\/v2\/media?parent=17596"}],"wp:term":[{"taxonomy":"category","embeddable":true,"href":"https:\/\/vocesparalelas.com.ar\/sitio\/wp-json\/wp\/v2\/categories?post=17596"},{"taxonomy":"post_tag","embeddable":true,"href":"https:\/\/vocesparalelas.com.ar\/sitio\/wp-json\/wp\/v2\/tags?post=17596"}],"curies":[{"name":"wp","href":"https:\/\/api.w.org\/{rel}","templated":true}]}}