{"id":17591,"date":"2018-12-10T22:28:58","date_gmt":"2018-12-11T01:28:58","guid":{"rendered":"http:\/\/vocesparalelas.com.ar\/sitio\/?p=17591"},"modified":"2018-12-11T22:14:42","modified_gmt":"2018-12-12T01:14:42","slug":"resultados-de-examenes-de-ingreso-a-los-institutos-preuniversitarios","status":"publish","type":"post","link":"https:\/\/vocesparalelas.com.ar\/sitio\/resultados-de-examenes-de-ingreso-a-los-institutos-preuniversitarios\/","title":{"rendered":"Resultados de ex\u00e1menes de ingreso a los Institutos Preuniversitarios"},"content":{"rendered":"<p>La Escuela de Comercio Lib. Gral. San Mart\u00edn publica los resultados provisorios de los ex\u00e1menes de ingreso al primer a\u00f1o de los tres Institutos Preuniversitarios.<\/p>\n<p>Asimismo, estos resultados est\u00e1n disponibles en los avisadores de la Escuela (calle Mitre, entre Aberastain y Caseros).<\/p>\n<p>En adjunto se muestran los listados con los aspirantes Aprobados, es decir con ambas notas mayor a 50 ordenados por m\u00e9rito. En el otro, con los Resaprobados es decir aquellos que tengan alguna nota menor a 50.<\/p>\n<p><span style=\"color: #ff0000\"><strong>Muestra de Examen<\/strong><\/span><\/p>\n<p>El 11\/12\/2018 de 15 a 18 hs. deber\u00e1n acudir a la Escuela de Comercio Lib. Gral. San Mart\u00edn y solicitar un turno para exhibir el examen.<\/p>\n<p>No se emitir\u00e1n solicitudes fuera de este plazo.<\/p>\n<p>El 13\/12\/2018 se proceder\u00e1 a exhibir los ex\u00e1menes que hayan sido solicitados oportunamente y en el turno otorgado.<\/p>\n<p><strong><span style=\"color: #ff0000\">Lista Definitiva<\/span><\/strong><\/p>\n<p>El 14\/12\/2018 ser\u00e1n publicados en los avisadores situados en el hall principal de la Escuela de Comercio, y en este sitio web.<\/p>\n<p><span style=\"color: #ff0000\"><strong>Elecci\u00f3n del Instituto Preuniversitario:<\/strong><\/span><\/p>\n<p>El 17\/12\/2018 desde las 7:30 hs. en la Escuela de Comercio \u201cLibertador Gral. San Mart\u00edn\u201d se realizar\u00e1 la elecci\u00f3n por estricto orden de m\u00e9rito y para un mejor ordenamiento se establecen las siguientes franjas horarias:<\/p>\n<p>-Del orden 001 al 200 \u2013 07:30 hs. a 09:00 hs.<\/p>\n<p>-Del orden 201 al 400 \u2013 09:00 hs. a 10:30 hs.<\/p>\n<p>-Del orden 401 al 560 \u2013 10:30 hs. a 11:30 hs.<\/p>\n<p><strong><span style=\"color: #ff0000\">Archivo Adjunto<\/span><\/strong><\/p>\n<p>&nbsp;<\/p>\n<p><a href=\"https:\/\/vocesparalelas.com.ar\/sitio\/wp-content\/uploads\/2018\/12\/UNSJ-Listado_de_alumnos_Aprobados_por_orden_de_de_Merito_4341_0.pdf\">UNSJ-Listado_de_alumnos_Aprobados_por_orden_de_de_Merito_4341_0<\/a><\/p>\n<p><a href=\"https:\/\/vocesparalelas.com.ar\/sitio\/wp-content\/uploads\/2018\/12\/UNSJ-Listado_de_alumnos_Reprobados_por_orden_de_merito_4341_1.pdf\">UNSJ-Listado_de_alumnos_Reprobados_por_orden_de_merito_4341_1<\/a><\/p>\n<p><a href=\"https:\/\/vocesparalelas.com.ar\/sitio\/wp-content\/uploads\/2018\/12\/UNSJ-Listado_Alfabetico_Notas_ingreso_2019_4341_209.pdf\">UNSJ-Listado_Alfabetico_Notas_ingreso_2019_4341_209<\/a><\/p>\n","protected":false},"excerpt":{"rendered":"<p>La Escuela de Comercio Lib. Gral. San Mart\u00edn publica los resultados provisorios de los ex\u00e1menes de ingreso al primer a\u00f1o<\/p>\n","protected":false},"author":3,"featured_media":14442,"comment_status":"closed","ping_status":"closed","sticky":false,"template":"","format":"standard","meta":{"_acf_changed":false,"_seopress_robots_primary_cat":"","_seopress_titles_title":"","_seopress_titles_desc":"","_seopress_robots_index":"","colormag_page_container_layout":"default_layout","colormag_page_sidebar_layout":"default_layout","footnotes":""},"categories":[5],"tags":[],"class_list":["post-17591","post","type-post","status-publish","format-standard","has-post-thumbnail","hentry","category-ofrecimientos"],"acf":[],"_links":{"self":[{"href":"https:\/\/vocesparalelas.com.ar\/sitio\/wp-json\/wp\/v2\/posts\/17591","targetHints":{"allow":["GET"]}}],"collection":[{"href":"https:\/\/vocesparalelas.com.ar\/sitio\/wp-json\/wp\/v2\/posts"}],"about":[{"href":"https:\/\/vocesparalelas.com.ar\/sitio\/wp-json\/wp\/v2\/types\/post"}],"author":[{"embeddable":true,"href":"https:\/\/vocesparalelas.com.ar\/sitio\/wp-json\/wp\/v2\/users\/3"}],"replies":[{"embeddable":true,"href":"https:\/\/vocesparalelas.com.ar\/sitio\/wp-json\/wp\/v2\/comments?post=17591"}],"version-history":[{"count":0,"href":"https:\/\/vocesparalelas.com.ar\/sitio\/wp-json\/wp\/v2\/posts\/17591\/revisions"}],"wp:featuredmedia":[{"embeddable":true,"href":"https:\/\/vocesparalelas.com.ar\/sitio\/wp-json\/wp\/v2\/media\/14442"}],"wp:attachment":[{"href":"https:\/\/vocesparalelas.com.ar\/sitio\/wp-json\/wp\/v2\/media?parent=17591"}],"wp:term":[{"taxonomy":"category","embeddable":true,"href":"https:\/\/vocesparalelas.com.ar\/sitio\/wp-json\/wp\/v2\/categories?post=17591"},{"taxonomy":"post_tag","embeddable":true,"href":"https:\/\/vocesparalelas.com.ar\/sitio\/wp-json\/wp\/v2\/tags?post=17591"}],"curies":[{"name":"wp","href":"https:\/\/api.w.org\/{rel}","templated":true}]}}