{"id":17586,"date":"2018-12-10T00:55:21","date_gmt":"2018-12-10T03:55:21","guid":{"rendered":"http:\/\/vocesparalelas.com.ar\/sitio\/?p=17586"},"modified":"2018-12-15T15:30:19","modified_gmt":"2018-12-15T18:30:19","slug":"grilla-de-artistas-locales-nacionales-e-internacionales-en-los-escenarios-mayor-y-del-sol","status":"publish","type":"post","link":"https:\/\/vocesparalelas.com.ar\/sitio\/grilla-de-artistas-locales-nacionales-e-internacionales-en-los-escenarios-mayor-y-del-sol\/","title":{"rendered":"Grilla de artistas Locales, Nacionales e Internacionales en los Escenarios Mayor y del Sol"},"content":{"rendered":"<p>Del 19 al 23 de febrero, San Juan se vestir\u00e1 de fiesta con la presencia de artistas locales, nacionales e internacionales que dar\u00e1n m\u00fasica y color a la celebraci\u00f3n.<\/p>\n<p>Por ello, la Ministro de Turismo y Cultura del Gobierno de San Juan, Lic. Claudia Grinszpan describi\u00f3 la grilla de los artistas Locales, Nacionales e Internacionales en el predio Ferial de la Fiesta Nacional del Sol 2019. Adem\u00e1s, invit\u00f3 a los Turistas a venir a San Juan.<\/p>\n<p><iframe loading=\"lazy\" width=\"800\" height=\"450\" src=\"https:\/\/www.youtube.com\/embed\/UtEIDQ640m8?feature=oembed\" frameborder=\"0\" allow=\"accelerometer; autoplay; encrypted-media; gyroscope; picture-in-picture\" allowfullscreen><\/iframe><\/p>\n<p>&nbsp;<\/p>\n<p>En el 2019, San Juan celebra el sol con cuatro escenarios en el Predio de Chimbas. En la zona de patio cervecero un espacio dedicado al g\u00e9nero musical variado, mientras que, en el sector de parrilladas, un espacio para el folclore, donde el p\u00fablico disfruta de la m\u00fasica mientras comparte en familia.<\/p>\n<p>El Escenario Mayor se honra con la presencia de artistas como Los Huayra, Sergio Galleguillo, Guasones, Las Pelotas y el cantante mexicano Carlos Rivera.<\/p>\n<p>En el Escenario del Sol, donde adem\u00e1s de artistas nacionales, act\u00faan los talentos sanjuaninos. Tambi\u00e9n, se desarrolla la Noche Soberana para que el p\u00fablico apoye a su candidata preferida frente a la presentaci\u00f3n de las 19 candidatas a Reina Nacional del Sol 2019.<\/p>\n<table width=\"533\">\n<tbody>\n<tr>\n<td width=\"266\"><strong>Escenario Mayor<\/strong><\/td>\n<td width=\"266\"><strong>Escenario del Sol<\/strong><\/td>\n<\/tr>\n<tr>\n<td width=\"266\">&nbsp;<\/p>\n<p><strong>Martes, 19 de Febrero<\/strong><\/p>\n<p>Artistas sanjuaninos<\/p>\n<p><strong>Los Huayra<\/strong><\/p>\n<p><strong>Sergio Galleguillo <\/strong>y artistas invitados (Facundo Toro, Los Caldenes, El Toba, Maite, Leandro Robin)<\/td>\n<td width=\"266\"><strong>Martes, 19 de Febrero<\/strong><\/p>\n<p>Artistas sanjuaninos<\/p>\n<p><strong>Los Palmeras<\/strong><\/p>\n<p>&nbsp;<\/p>\n<p>&nbsp;<\/td>\n<\/tr>\n<tr>\n<td width=\"266\"><strong>\u00a0<\/strong><\/p>\n<p><strong>Mi\u00e9rcoles, 20 de Febrero<\/strong><\/p>\n<p>Artistas sanjuaninos<\/p>\n<p><strong>Guasones<\/strong><\/p>\n<p><strong>Las Pelotas<\/strong><\/td>\n<td width=\"266\"><strong>Mi\u00e9rcoles 20 de Febrero<\/strong><\/p>\n<p>Artistas sanjuaninos<\/p>\n<p>Noche Soberana<\/p>\n<p>&nbsp;<\/td>\n<\/tr>\n<tr>\n<td width=\"266\">&nbsp;<\/p>\n<p><strong>Jueves, 21 de Febrero<\/strong><\/p>\n<p><strong>Carlos Rivera<\/strong><\/p>\n<p><strong>\u00a0<\/strong><\/td>\n<td width=\"266\">&nbsp;<\/p>\n<p><strong>Jueves, 21 de Febrero<\/strong><\/p>\n<p>Artistas sanjuaninos<\/p>\n<p><strong>Los Tipitos<\/strong><\/td>\n<\/tr>\n<tr>\n<td width=\"266\">&nbsp;<\/p>\n<p>&nbsp;<\/p>\n<p>&nbsp;<\/p>\n<p>&nbsp;<\/td>\n<td width=\"266\"><strong>Viernes, 22 de Febrero<\/strong><\/p>\n<p><strong>Lisandro M\u00e1rquez<\/strong><\/p>\n<p><strong>Ulises Bueno<\/strong><\/td>\n<\/tr>\n<tr>\n<td width=\"266\">&nbsp;<\/p>\n<p><strong>S\u00e1bado, 23 de Febrero<\/strong><\/p>\n<p>Espect\u00e1culo final<\/td>\n<td width=\"266\"><\/td>\n<\/tr>\n<\/tbody>\n<\/table>\n<p>&nbsp;<\/p>\n<p><img loading=\"lazy\" decoding=\"async\" class=\"alignnone size-full wp-image-17588\" src=\"https:\/\/vocesparalelas.com.ar\/sitio\/wp-content\/uploads\/2018\/12\/FNS-2019-01.jpg\" alt=\"\" width=\"1000\" height=\"506\" srcset=\"https:\/\/vocesparalelas.com.ar\/sitio\/wp-content\/uploads\/2018\/12\/FNS-2019-01.jpg 1000w, https:\/\/vocesparalelas.com.ar\/sitio\/wp-content\/uploads\/2018\/12\/FNS-2019-01-300x152.jpg 300w, https:\/\/vocesparalelas.com.ar\/sitio\/wp-content\/uploads\/2018\/12\/FNS-2019-01-768x389.jpg 768w, https:\/\/vocesparalelas.com.ar\/sitio\/wp-content\/uploads\/2018\/12\/FNS-2019-01-800x405.jpg 800w\" sizes=\"auto, (max-width: 1000px) 100vw, 1000px\" \/><\/p>\n<p>&nbsp;<\/p>\n<p>&nbsp;<\/p>\n<p>&nbsp;<\/p>\n<p>&nbsp;<\/p>\n","protected":false},"excerpt":{"rendered":"<p>Del 19 al 23 de febrero, San Juan se vestir\u00e1 de fiesta con la presencia de artistas locales, nacionales e<\/p>\n","protected":false},"author":3,"featured_media":17587,"comment_status":"closed","ping_status":"closed","sticky":false,"template":"","format":"video","meta":{"_acf_changed":false,"_seopress_robots_primary_cat":"","_seopress_titles_title":"","_seopress_titles_desc":"","_seopress_robots_index":"","colormag_page_container_layout":"default_layout","colormag_page_sidebar_layout":"default_layout","footnotes":""},"categories":[5,7],"tags":[],"class_list":["post-17586","post","type-post","status-publish","format-video","has-post-thumbnail","hentry","category-ofrecimientos","category-videos","post_format-post-format-video"],"acf":[],"_links":{"self":[{"href":"https:\/\/vocesparalelas.com.ar\/sitio\/wp-json\/wp\/v2\/posts\/17586","targetHints":{"allow":["GET"]}}],"collection":[{"href":"https:\/\/vocesparalelas.com.ar\/sitio\/wp-json\/wp\/v2\/posts"}],"about":[{"href":"https:\/\/vocesparalelas.com.ar\/sitio\/wp-json\/wp\/v2\/types\/post"}],"author":[{"embeddable":true,"href":"https:\/\/vocesparalelas.com.ar\/sitio\/wp-json\/wp\/v2\/users\/3"}],"replies":[{"embeddable":true,"href":"https:\/\/vocesparalelas.com.ar\/sitio\/wp-json\/wp\/v2\/comments?post=17586"}],"version-history":[{"count":0,"href":"https:\/\/vocesparalelas.com.ar\/sitio\/wp-json\/wp\/v2\/posts\/17586\/revisions"}],"wp:featuredmedia":[{"embeddable":true,"href":"https:\/\/vocesparalelas.com.ar\/sitio\/wp-json\/wp\/v2\/media\/17587"}],"wp:attachment":[{"href":"https:\/\/vocesparalelas.com.ar\/sitio\/wp-json\/wp\/v2\/media?parent=17586"}],"wp:term":[{"taxonomy":"category","embeddable":true,"href":"https:\/\/vocesparalelas.com.ar\/sitio\/wp-json\/wp\/v2\/categories?post=17586"},{"taxonomy":"post_tag","embeddable":true,"href":"https:\/\/vocesparalelas.com.ar\/sitio\/wp-json\/wp\/v2\/tags?post=17586"}],"curies":[{"name":"wp","href":"https:\/\/api.w.org\/{rel}","templated":true}]}}