{"id":17571,"date":"2018-12-09T23:23:51","date_gmt":"2018-12-10T02:23:51","guid":{"rendered":"http:\/\/vocesparalelas.com.ar\/sitio\/?p=17571"},"modified":"2018-12-09T23:23:51","modified_gmt":"2018-12-10T02:23:51","slug":"el-concierto-de-navidad-juntos-en-familia-las-interpretaciones-de-las-voces-y-de-los-instrumentos-musicales-se-hicieron-sentir","status":"publish","type":"post","link":"https:\/\/vocesparalelas.com.ar\/sitio\/el-concierto-de-navidad-juntos-en-familia-las-interpretaciones-de-las-voces-y-de-los-instrumentos-musicales-se-hicieron-sentir\/","title":{"rendered":"El Concierto de Navidad \u201cJuntos en Familia\u201d las interpretaciones de las voces y de los instrumentos musicales se hicieron sentir"},"content":{"rendered":"<p>La C\u00e1mara de Diputados organiz\u00f3 el Concierto de Navidad \u201cJuntos en Familia\u201d con la conducci\u00f3n de Marcela Poda y la actuaci\u00f3n de la Orquesta Escuela, La Camerata San Juan, Nauhel M\u00e9dez y Marcela Morelo.<\/p>\n<p>Por ello, el Gobernador de San Juan y el Vicegobernador, Dr. Marcelo Lima expresaron sus deseos.<\/p>\n<p><iframe loading=\"lazy\" width=\"800\" height=\"450\" src=\"https:\/\/www.youtube.com\/embed\/YxcJQZ5BIuc?feature=oembed\" frameborder=\"0\" allow=\"accelerometer; autoplay; encrypted-media; gyroscope; picture-in-picture\" allowfullscreen><\/iframe><\/p>\n<p>Este evento cultural convoc\u00f3 a miles de sanjuaninos que pudieron disfrutar de un evento musical de gran envergadura.<\/p>\n<p>Los primeros que se presentaron fue la Orquesta Escuela oportunidad aprovechada por la conductora Marcela Poda, quien destac\u00f3 que esta orquesta surge como necesidad de incluir ni\u00f1os y j\u00f3venes para acercarlos al estudio de alg\u00fan instrumento m\u00fasica.<\/p>\n<p><img loading=\"lazy\" decoding=\"async\" class=\"alignnone size-full wp-image-17577\" src=\"https:\/\/vocesparalelas.com.ar\/sitio\/wp-content\/uploads\/2018\/12\/CDSJ-ORQUESTA-ESCUELA-01.jpg\" alt=\"\" width=\"1000\" height=\"667\" srcset=\"https:\/\/vocesparalelas.com.ar\/sitio\/wp-content\/uploads\/2018\/12\/CDSJ-ORQUESTA-ESCUELA-01.jpg 1000w, https:\/\/vocesparalelas.com.ar\/sitio\/wp-content\/uploads\/2018\/12\/CDSJ-ORQUESTA-ESCUELA-01-300x200.jpg 300w, https:\/\/vocesparalelas.com.ar\/sitio\/wp-content\/uploads\/2018\/12\/CDSJ-ORQUESTA-ESCUELA-01-768x512.jpg 768w, https:\/\/vocesparalelas.com.ar\/sitio\/wp-content\/uploads\/2018\/12\/CDSJ-ORQUESTA-ESCUELA-01-800x534.jpg 800w\" sizes=\"auto, (max-width: 1000px) 100vw, 1000px\" \/><\/p>\n<p>El presidente de la Fundaci\u00f3n de la Orquesta Escuela, Prof. Jorge Rodrigo junto a la comisi\u00f3n directiva y padres, buscan los medios para arreglar los instrumentos. Hoy tiene el apoyo del Ministerio de Turismo y Cultura, el Ministerio de Miner\u00eda compr\u00f3 instrumentos musicales de viento como as\u00ed tambi\u00e9n la Fundaci\u00f3n del Banco San Juan, pero siempre hace falta m\u00e1s como el mantenimiento de los instrumentos que tienen su desgaste por su uso.<\/p>\n<p><img loading=\"lazy\" decoding=\"async\" class=\"alignnone size-full wp-image-17578\" src=\"https:\/\/vocesparalelas.com.ar\/sitio\/wp-content\/uploads\/2018\/12\/CDSJ-ORQUESTA-ESCUELA.jpg\" alt=\"\" width=\"1000\" height=\"667\" srcset=\"https:\/\/vocesparalelas.com.ar\/sitio\/wp-content\/uploads\/2018\/12\/CDSJ-ORQUESTA-ESCUELA.jpg 1000w, https:\/\/vocesparalelas.com.ar\/sitio\/wp-content\/uploads\/2018\/12\/CDSJ-ORQUESTA-ESCUELA-300x200.jpg 300w, https:\/\/vocesparalelas.com.ar\/sitio\/wp-content\/uploads\/2018\/12\/CDSJ-ORQUESTA-ESCUELA-768x512.jpg 768w, https:\/\/vocesparalelas.com.ar\/sitio\/wp-content\/uploads\/2018\/12\/CDSJ-ORQUESTA-ESCUELA-800x534.jpg 800w\" sizes=\"auto, (max-width: 1000px) 100vw, 1000px\" \/><\/p>\n<p><iframe loading=\"lazy\" width=\"800\" height=\"450\" src=\"https:\/\/www.youtube.com\/embed\/X1QSRkXDXKo?feature=oembed\" frameborder=\"0\" allow=\"accelerometer; autoplay; encrypted-media; gyroscope; picture-in-picture\" allowfullscreen><\/iframe><\/p>\n<p>El encuentro musical \u201cX Vos\u201d, es para ayudar con lo recaudado a la Orquesta Escuela. Muchas veces en las casas existe alg\u00fan instrumento musical que no se usa y se encuentra guardado, tambi\u00e9n, estos son bien recibidos como donaci\u00f3n. Otras personas, quieren hacer otro tipo de donaciones, son bienvenidos.<\/p>\n<p>La Orquesta Escuela tiene m\u00e1s de 80 m\u00fasicos que no s\u00f3lo en San Juan muestran su nivel de ejecuci\u00f3n sino en otros lugares de la Rep\u00fablica Argentina transform\u00e1ndose en embajadores de San Juan.<\/p>\n<p>Ellos interpretaron villancicos, pieza de Piazzolla con la participaci\u00f3n del Maestro del Bandone\u00f3n, Esteban Calder\u00f3n, m\u00e1s adelante, la orquesta interpret\u00f3 un tema musical que hicieron bailar al p\u00fablico y entre otros. Fueron aplaudidos por el nivel de ejecuci\u00f3n alcanzado.<\/p>\n<p><iframe loading=\"lazy\" width=\"800\" height=\"450\" src=\"https:\/\/www.youtube.com\/embed\/cxuTDX2MpYY?feature=oembed\" frameborder=\"0\" allow=\"accelerometer; autoplay; encrypted-media; gyroscope; picture-in-picture\" allowfullscreen><\/iframe><\/p>\n<p>Posteriormente, fue el turno de Nahuel M\u00e9ndez; el joven sanjuanino cuya carrera est\u00e1 en pleno ascenso, interpret\u00f3 un set de seis canciones entre las que se destacaron \u201cS\u00f3lo se trata de vivir\u201d y \u201cEl viento trae una copla\u201d.<\/p>\n<p><img loading=\"lazy\" decoding=\"async\" class=\"alignnone size-full wp-image-17579\" src=\"https:\/\/vocesparalelas.com.ar\/sitio\/wp-content\/uploads\/2018\/12\/CDSJ-NAHUEL.jpg\" alt=\"\" width=\"1000\" height=\"667\" srcset=\"https:\/\/vocesparalelas.com.ar\/sitio\/wp-content\/uploads\/2018\/12\/CDSJ-NAHUEL.jpg 1000w, https:\/\/vocesparalelas.com.ar\/sitio\/wp-content\/uploads\/2018\/12\/CDSJ-NAHUEL-300x200.jpg 300w, https:\/\/vocesparalelas.com.ar\/sitio\/wp-content\/uploads\/2018\/12\/CDSJ-NAHUEL-768x512.jpg 768w, https:\/\/vocesparalelas.com.ar\/sitio\/wp-content\/uploads\/2018\/12\/CDSJ-NAHUEL-800x534.jpg 800w\" sizes=\"auto, (max-width: 1000px) 100vw, 1000px\" \/><\/p>\n<p><iframe loading=\"lazy\" width=\"800\" height=\"450\" src=\"https:\/\/www.youtube.com\/embed\/zEm6NJbttFc?feature=oembed\" frameborder=\"0\" allow=\"accelerometer; autoplay; encrypted-media; gyroscope; picture-in-picture\" allowfullscreen><\/iframe><\/p>\n<p>Posteriormente, la Camerata San Juan, dirigida por Mirta Marcel\u00f3, emocion\u00f3 a todos los presentes con la intervenci\u00f3n de Nahuel M\u00e9ndez \u201cCoraz\u00f3n\u201d y otros cl\u00e1sicos.<\/p>\n<p><img loading=\"lazy\" decoding=\"async\" class=\"alignnone size-full wp-image-17572\" src=\"https:\/\/vocesparalelas.com.ar\/sitio\/wp-content\/uploads\/2018\/12\/CDSJ-CAMERATA-SAN-JUAN.jpg\" alt=\"\" width=\"1000\" height=\"667\" srcset=\"https:\/\/vocesparalelas.com.ar\/sitio\/wp-content\/uploads\/2018\/12\/CDSJ-CAMERATA-SAN-JUAN.jpg 1000w, https:\/\/vocesparalelas.com.ar\/sitio\/wp-content\/uploads\/2018\/12\/CDSJ-CAMERATA-SAN-JUAN-300x200.jpg 300w, https:\/\/vocesparalelas.com.ar\/sitio\/wp-content\/uploads\/2018\/12\/CDSJ-CAMERATA-SAN-JUAN-768x512.jpg 768w, https:\/\/vocesparalelas.com.ar\/sitio\/wp-content\/uploads\/2018\/12\/CDSJ-CAMERATA-SAN-JUAN-800x534.jpg 800w\" sizes=\"auto, (max-width: 1000px) 100vw, 1000px\" \/><\/p>\n<p><iframe loading=\"lazy\" width=\"800\" height=\"450\" src=\"https:\/\/www.youtube.com\/embed\/oCqydYKa7pk?feature=oembed\" frameborder=\"0\" allow=\"accelerometer; autoplay; encrypted-media; gyroscope; picture-in-picture\" allowfullscreen><\/iframe><\/p>\n<p>Miles de familias presenciaron el espect\u00e1culo al aire libre que anualmente organiza la Legislatura provincial. El broche de oro lo puso Marcela Morelo con sus \u00e9xitos y agradeci\u00f3 la invitaci\u00f3n a San Juan.<\/p>\n<p><img loading=\"lazy\" decoding=\"async\" class=\"alignnone size-full wp-image-17574\" src=\"https:\/\/vocesparalelas.com.ar\/sitio\/wp-content\/uploads\/2018\/12\/CDSJ-MORELO.jpg\" alt=\"\" width=\"1000\" height=\"667\" srcset=\"https:\/\/vocesparalelas.com.ar\/sitio\/wp-content\/uploads\/2018\/12\/CDSJ-MORELO.jpg 1000w, https:\/\/vocesparalelas.com.ar\/sitio\/wp-content\/uploads\/2018\/12\/CDSJ-MORELO-300x200.jpg 300w, https:\/\/vocesparalelas.com.ar\/sitio\/wp-content\/uploads\/2018\/12\/CDSJ-MORELO-768x512.jpg 768w, https:\/\/vocesparalelas.com.ar\/sitio\/wp-content\/uploads\/2018\/12\/CDSJ-MORELO-800x534.jpg 800w\" sizes=\"auto, (max-width: 1000px) 100vw, 1000px\" \/><\/p>\n<p><img loading=\"lazy\" decoding=\"async\" class=\"alignnone size-full wp-image-17573\" src=\"https:\/\/vocesparalelas.com.ar\/sitio\/wp-content\/uploads\/2018\/12\/CDSJ-MARCELA-MORELO.jpg\" alt=\"\" width=\"1000\" height=\"667\" srcset=\"https:\/\/vocesparalelas.com.ar\/sitio\/wp-content\/uploads\/2018\/12\/CDSJ-MARCELA-MORELO.jpg 1000w, https:\/\/vocesparalelas.com.ar\/sitio\/wp-content\/uploads\/2018\/12\/CDSJ-MARCELA-MORELO-300x200.jpg 300w, https:\/\/vocesparalelas.com.ar\/sitio\/wp-content\/uploads\/2018\/12\/CDSJ-MARCELA-MORELO-768x512.jpg 768w, https:\/\/vocesparalelas.com.ar\/sitio\/wp-content\/uploads\/2018\/12\/CDSJ-MARCELA-MORELO-800x534.jpg 800w\" sizes=\"auto, (max-width: 1000px) 100vw, 1000px\" \/><\/p>\n<p><iframe loading=\"lazy\" width=\"800\" height=\"450\" src=\"https:\/\/www.youtube.com\/embed\/o0DPCtKWuYQ?feature=oembed\" frameborder=\"0\" allow=\"accelerometer; autoplay; encrypted-media; gyroscope; picture-in-picture\" allowfullscreen><\/iframe><\/p>\n<p>El espect\u00e1culo se luci\u00f3 con las voces que interpretaron un variado programa para festejar la llegada del ni\u00f1o Jes\u00fas.<\/p>\n<p>&nbsp;<\/p>\n<p>&nbsp;<\/p>\n<p>&nbsp;<\/p>\n<p>&nbsp;<\/p>\n","protected":false},"excerpt":{"rendered":"<p>La C\u00e1mara de Diputados organiz\u00f3 el Concierto de Navidad \u201cJuntos en Familia\u201d con la conducci\u00f3n de Marcela Poda y la<\/p>\n","protected":false},"author":3,"featured_media":17575,"comment_status":"closed","ping_status":"closed","sticky":false,"template":"","format":"video","meta":{"_acf_changed":false,"_seopress_robots_primary_cat":"","_seopress_titles_title":"","_seopress_titles_desc":"","_seopress_robots_index":"","colormag_page_container_layout":"default_layout","colormag_page_sidebar_layout":"default_layout","footnotes":""},"categories":[1,7],"tags":[],"class_list":["post-17571","post","type-post","status-publish","format-video","has-post-thumbnail","hentry","category-destacadas","category-videos","post_format-post-format-video"],"acf":[],"_links":{"self":[{"href":"https:\/\/vocesparalelas.com.ar\/sitio\/wp-json\/wp\/v2\/posts\/17571","targetHints":{"allow":["GET"]}}],"collection":[{"href":"https:\/\/vocesparalelas.com.ar\/sitio\/wp-json\/wp\/v2\/posts"}],"about":[{"href":"https:\/\/vocesparalelas.com.ar\/sitio\/wp-json\/wp\/v2\/types\/post"}],"author":[{"embeddable":true,"href":"https:\/\/vocesparalelas.com.ar\/sitio\/wp-json\/wp\/v2\/users\/3"}],"replies":[{"embeddable":true,"href":"https:\/\/vocesparalelas.com.ar\/sitio\/wp-json\/wp\/v2\/comments?post=17571"}],"version-history":[{"count":0,"href":"https:\/\/vocesparalelas.com.ar\/sitio\/wp-json\/wp\/v2\/posts\/17571\/revisions"}],"wp:featuredmedia":[{"embeddable":true,"href":"https:\/\/vocesparalelas.com.ar\/sitio\/wp-json\/wp\/v2\/media\/17575"}],"wp:attachment":[{"href":"https:\/\/vocesparalelas.com.ar\/sitio\/wp-json\/wp\/v2\/media?parent=17571"}],"wp:term":[{"taxonomy":"category","embeddable":true,"href":"https:\/\/vocesparalelas.com.ar\/sitio\/wp-json\/wp\/v2\/categories?post=17571"},{"taxonomy":"post_tag","embeddable":true,"href":"https:\/\/vocesparalelas.com.ar\/sitio\/wp-json\/wp\/v2\/tags?post=17571"}],"curies":[{"name":"wp","href":"https:\/\/api.w.org\/{rel}","templated":true}]}}