{"id":17565,"date":"2018-12-09T20:48:25","date_gmt":"2018-12-09T23:48:25","guid":{"rendered":"http:\/\/vocesparalelas.com.ar\/sitio\/?p=17565"},"modified":"2018-12-09T20:48:25","modified_gmt":"2018-12-09T23:48:25","slug":"agradecimientos-emociones-recuerdos-y-anecdotas-para-llegar-a-la-37a-vuelta-a-san-juan-2019","status":"publish","type":"post","link":"https:\/\/vocesparalelas.com.ar\/sitio\/agradecimientos-emociones-recuerdos-y-anecdotas-para-llegar-a-la-37a-vuelta-a-san-juan-2019\/","title":{"rendered":"Agradecimientos, emociones, recuerdos y an\u00e9cdotas para llegar a la 37\u00aa Vuelta a San Juan 2019"},"content":{"rendered":"<p>Del 27 de Enero al 3 de Febrero de 2019, distintas rutas y calles de la provincia de San Juan, Rep\u00fablica Argentina son escenario de la 37\u00aa edici\u00f3n de la Vuelta Cicl\u00edstica Internacional a San Juan, competencia del tipo 2.1 de la Uni\u00f3n Ciclista Internacional \u2013 UCI \u2013 con varias etapas y participaci\u00f3n de equipos del World Tour, Continentales Profesionales, Continentales y selecciones nacionales.<\/p>\n<p>El paraje Difunta Correa, el dique Punta Negra, la Ruta 150, El Colorado y el flamante Circuito Villicum, son algunos de los puntos geogr\u00e1ficos que reciben las principales figuras del ciclismo mundial y a los cuatro equipos continentales de San Juan.<\/p>\n<p>El acto comenz\u00f3 con la proyecci\u00f3n de un video que promociona la 37\u00aa Vuelta a San Juan.<\/p>\n<p><iframe loading=\"lazy\" width=\"800\" height=\"450\" src=\"https:\/\/www.youtube.com\/embed\/MbXcu9N_vOY?start=33&#038;feature=oembed\" frameborder=\"0\" allow=\"accelerometer; autoplay; encrypted-media; gyroscope; picture-in-picture\" allowfullscreen><\/iframe><\/p>\n<p>Seguidamente, se vino un espect\u00e1culo con canto, danza y recitado por parte de la interpretaci\u00f3n de referentes de San Juan.<\/p>\n<p><iframe loading=\"lazy\" width=\"800\" height=\"450\" src=\"https:\/\/www.youtube.com\/embed\/KqHn93l7Y0c?feature=oembed\" frameborder=\"0\" allow=\"accelerometer; autoplay; encrypted-media; gyroscope; picture-in-picture\" allowfullscreen><\/iframe><\/p>\n<p><img loading=\"lazy\" decoding=\"async\" class=\"alignnone size-full wp-image-17569\" src=\"https:\/\/vocesparalelas.com.ar\/sitio\/wp-content\/uploads\/2018\/12\/VUELTA-A-SAN-JUAN-10.jpg\" alt=\"\" width=\"1000\" height=\"667\" srcset=\"https:\/\/vocesparalelas.com.ar\/sitio\/wp-content\/uploads\/2018\/12\/VUELTA-A-SAN-JUAN-10.jpg 1000w, https:\/\/vocesparalelas.com.ar\/sitio\/wp-content\/uploads\/2018\/12\/VUELTA-A-SAN-JUAN-10-300x200.jpg 300w, https:\/\/vocesparalelas.com.ar\/sitio\/wp-content\/uploads\/2018\/12\/VUELTA-A-SAN-JUAN-10-768x512.jpg 768w, https:\/\/vocesparalelas.com.ar\/sitio\/wp-content\/uploads\/2018\/12\/VUELTA-A-SAN-JUAN-10-800x534.jpg 800w\" sizes=\"auto, (max-width: 1000px) 100vw, 1000px\" \/><\/p>\n<p>A continuaci\u00f3n, se conform\u00f3 la mesa de autoridades se conform\u00f3 con el Gobernador de San Juan, Dr. Sergio U\u00f1ac, el secretario de Deportes del Gobierno de San Juan, Jorge Chica; el presidente de la Uni\u00f3n Ciclista de la Rep\u00fablica Argentina \u2013 UCRA -, Gabriel Curuchet; el presidente de la Federaci\u00f3n de Ciclismo de Ruta y Pista de San Juan, Juan Jos\u00e9 Chica; el titular del Pedal Club Olimpia, organizador de la vuelta, Juan Pacheco; el director ejecutivo de la competencia, Javier P\u00e1ez y el director t\u00e9cnico de la Selecci\u00f3n Argentina de Ciclismo Adaptado, Mart\u00edn Ferrari.<\/p>\n<p><img loading=\"lazy\" decoding=\"async\" class=\"alignnone size-full wp-image-17566\" src=\"https:\/\/vocesparalelas.com.ar\/sitio\/wp-content\/uploads\/2018\/12\/VUELTA-A-SAN-JUAN-14.jpg\" alt=\"\" width=\"1000\" height=\"667\" srcset=\"https:\/\/vocesparalelas.com.ar\/sitio\/wp-content\/uploads\/2018\/12\/VUELTA-A-SAN-JUAN-14.jpg 1000w, https:\/\/vocesparalelas.com.ar\/sitio\/wp-content\/uploads\/2018\/12\/VUELTA-A-SAN-JUAN-14-300x200.jpg 300w, https:\/\/vocesparalelas.com.ar\/sitio\/wp-content\/uploads\/2018\/12\/VUELTA-A-SAN-JUAN-14-768x512.jpg 768w, https:\/\/vocesparalelas.com.ar\/sitio\/wp-content\/uploads\/2018\/12\/VUELTA-A-SAN-JUAN-14-800x534.jpg 800w\" sizes=\"auto, (max-width: 1000px) 100vw, 1000px\" \/><\/p>\n<p>El primero en hablar fue el Secretario de Estado de Deporte del Gobierno de San Juan, Jorge Chica, quien agradeci\u00f3 a cada uno de los que aportaron para que en el 2019 se lleve adelante la Vuelta a San Juan con equipos Internacionales.<\/p>\n<p><iframe loading=\"lazy\" width=\"800\" height=\"450\" src=\"https:\/\/www.youtube.com\/embed\/CKiLxEHq_Xo?feature=oembed\" frameborder=\"0\" allow=\"accelerometer; autoplay; encrypted-media; gyroscope; picture-in-picture\" allowfullscreen><\/iframe><\/p>\n<p>A continuaci\u00f3n, el titular del Pedal Club Olimpia, organizador de la vuelta, Juan Pacheco, quien rese\u00f1\u00f3 una serie de recuerdos que enorgullece aquella idea original.<\/p>\n<p><iframe loading=\"lazy\" width=\"800\" height=\"450\" src=\"https:\/\/www.youtube.com\/embed\/T7nYw5xLtDo?feature=oembed\" frameborder=\"0\" allow=\"accelerometer; autoplay; encrypted-media; gyroscope; picture-in-picture\" allowfullscreen><\/iframe><\/p>\n<p>Seguidamente, el presidente de la Uni\u00f3n Ciclista de la Rep\u00fablica Argentina \u2013 UCRA -, Gabriel Curuchet, quien destac\u00f3 la apuesta del Ciclismo Nacional hacia la Vuelta a San Juan 2019.<\/p>\n<p><iframe loading=\"lazy\" width=\"800\" height=\"450\" src=\"https:\/\/www.youtube.com\/embed\/Z3WN09mWH0k?feature=oembed\" frameborder=\"0\" allow=\"accelerometer; autoplay; encrypted-media; gyroscope; picture-in-picture\" allowfullscreen><\/iframe><\/p>\n<p>Los recuerdos fueron expresados por el presidente de la Federaci\u00f3n de Ciclismo de Ruta y Pista de San Juan, Juan Jos\u00e9 Chica, quien hizo emocionar a los sanjuaninos que hicieron posible desde su inicio la Vuelta a San juan muy peque\u00f1a y que hoy es internacional.<\/p>\n<p><iframe loading=\"lazy\" width=\"800\" height=\"450\" src=\"https:\/\/www.youtube.com\/embed\/rI_9c9gPNLM?feature=oembed\" frameborder=\"0\" allow=\"accelerometer; autoplay; encrypted-media; gyroscope; picture-in-picture\" allowfullscreen><\/iframe><\/p>\n<p>La emoci\u00f3n la transmiti\u00f3 el director t\u00e9cnico de la Selecci\u00f3n Argentina de Ciclismo Adaptado, Mart\u00edn Ferrari, quien agradeci\u00f3 la inclusi\u00f3n del sector que tanto hacen estos ciclistas que cuando se quiere se puede.<\/p>\n<p><iframe loading=\"lazy\" width=\"800\" height=\"450\" src=\"https:\/\/www.youtube.com\/embed\/bXvWaWcbFiY?feature=oembed\" frameborder=\"0\" allow=\"accelerometer; autoplay; encrypted-media; gyroscope; picture-in-picture\" allowfullscreen><\/iframe><\/p>\n<p>Finalmente, el gobernador de San Juan, Dr. Sergio U\u00f1ac que destac\u00f3 que todo aquello que, en alg\u00fan momento de su vida, antes de ser gobernador, so\u00f1aba e imaginada, orgullosamente pod\u00eda decir que comenzaba a dar sus frutos en San Juan, en referencia a la Vuelta Cicl\u00edstica Internacional.<\/p>\n<p><iframe loading=\"lazy\" width=\"800\" height=\"450\" src=\"https:\/\/www.youtube.com\/embed\/Xj8Oji6uYuQ?feature=oembed\" frameborder=\"0\" allow=\"accelerometer; autoplay; encrypted-media; gyroscope; picture-in-picture\" allowfullscreen><\/iframe><\/p>\n<p>De esta manera qued\u00f3 lanzada con agradecimientos, emociones, recuerdos y an\u00e9cdotas para llegar a la 37\u00aa Vuelta a San Juan 2019 para hacer entrega de reconocimientos al Pedal Club Olimpia, al presidente<\/p>\n<p>mediante la entrega de una plaqueta por parte del primer mandatario al presidente Juan Pacheco y al presidente de la Uni\u00f3n Ciclista de la Rep\u00fablica Argentina \u2013 UCRA -, Gabriel Curuchet. Por primera vez, se entrega un certificado que lo acredita como coach de la Uni\u00f3n Ciclista Internacional a Emiliano Fern\u00e1ndez.<\/p>\n<p><span style=\"color: #008000\"><strong>Una Vuelta de siete etapas<\/strong><\/span><\/p>\n<ul>\n<li><span style=\"color: #008000\"><strong>P<\/strong><\/span><span style=\"color: #008000\"><strong>rimera etapa:\u00a0<\/strong><\/span>Domingo, 27 de Enero, con lanzamiento en la Plaza 25 de Mayo y viaja hasta el parador de la Difunta Correa. Finaliza en avenida U\u00f1ac, entre calles 5 y 6.<\/li>\n<li><strong><span style=\"color: #008000\">Segunda etapa,<\/span><\/strong>\u00a0Lunes, 28 de Enero. El pelot\u00f3n comienza el recorrido en la plaza de Chimbas y termina en Punta Negra, bajo el magn\u00edfico paisaje del dique.<\/li>\n<li><span style=\"color: #008000\"><strong>Tercera etapa,<\/strong><\/span>\u00a0Martes 29 de Enero. Jornada de contrarreloj, que en este caso tiene como escenario a la avenida Joaqu\u00edn U\u00f1ac, en el departamento Pocito.<\/li>\n<li><span style=\"color: #008000\"><strong>Cuarta etapa,<\/strong><\/span>\u00a0Mi\u00e9rcoles, 30 de Enero, Es la etapa m\u00e1s larga de todas con casi 200 kil\u00f3metros. Los ciclistas van a desafiar la monta\u00f1a, con inicio en la plaza de San Jos\u00e9 de J\u00e1chal y final en Valle F\u00e9rtil, en la villa cabecera San Agust\u00edn.<\/li>\n<li><span style=\"color: #008000\"><strong>Quinta etapa,<\/strong>\u00a0<\/span>Viernes, 1 de Febrero. La llamada etapa Reina comienza en el departamento de San Mart\u00edn y termina en el Alto Colorado.<\/li>\n<li><strong><span style=\"color: #008000\">Sexta etapa,<\/span> <\/strong>el S\u00e1bado, 2 de febrero. La novedad con el Circuito El Villicum como inicio y final de la etapa. La prueba recorre los departamentos 9 de Julio, Albard\u00f3n y Angaco.<\/li>\n<li><strong><span style=\"color: #008000\">S\u00e9ptima y \u00faltima etapa,<\/span><\/strong>\u00a0Domingo, 3 de Febrero. Como ya es un cl\u00e1sico, se desarrolla a lo largo de la Avenida de Circunvalaci\u00f3n, con ocho giros al circuito.<\/li>\n<\/ul>\n<p><span style=\"color: #008000\"><strong>Los equipos participantes\u00a0 <\/strong><\/span><\/p>\n<ul>\n<li><span style=\"color: #008000\"><strong>Categor\u00eda World Tour:<\/strong><\/span> Bora-Hansgrohe (Alemania), Dimensi\u00f3n Data (Sud\u00e1frica),\u00a0 Deceunik-Quick Step (B\u00e9lgica), UAE Emirates (Emiratos \u00c1rabes), Movistar (Espa\u00f1a), Lotto-Soudal (B\u00e9lgica). (6)<\/li>\n<li><strong><span style=\"color: #008000\">Continental Profesional:<\/span><\/strong> Androni Giocattoli (Italia), Nippo Fantini (Italia), Willier Triestina (Italia), Israel Cycling Academy (Israel), Caja Rural (Espa\u00f1a). (5)<\/li>\n<li><strong><span style=\"color: #008000\">Continental:<\/span> <\/strong>Petroli Firenze-Hoppl\u00e0 (Italia), Medell\u00edn Inder (Colombia), Biesse Carrera Gavardo (Italia), Sporting Tavira (Portugal); Virgen de F\u00e1tima, Municipalidad de Pocito; Asociaci\u00f3n Civil Mardan, Municipalidad de Rawson.\u00a0 (8) 4 de San Juan.<\/li>\n<li><strong><span style=\"color: #008000\">Selecciones Nacionales:<\/span> <\/strong>Uruguay, Per\u00fa, M\u00e9xico, Bolivia, Chile, Brasil, Cuba y Argentina.\u00a0 (8)<\/li>\n<li><span style=\"color: #008000\"><strong>Ya est\u00e1 confirmada la participaci\u00f3n de<\/strong><\/span> Peter Sagan, el tres veces campe\u00f3n del Mundo, el colombiano Fernando Gaviria, el brit\u00e1nico Mark Cavendish y el franc\u00e9s Julian Alaphilippe, adem\u00e1s de los belgas Tiesj Benoot, Tim Wellens y el joven Remco Evenepoel, que har\u00e1 su debut en el profesionalismo en esta prueba argentina tras proclamarse en 2018 campe\u00f3n de Europa y del Mundo, tanto de ruta como de contrarreloj.<\/li>\n<\/ul>\n<p>&nbsp;<\/p>\n<p><img loading=\"lazy\" decoding=\"async\" class=\"alignnone size-full wp-image-17568\" src=\"https:\/\/vocesparalelas.com.ar\/sitio\/wp-content\/uploads\/2018\/12\/VUELTA-A-SAN-JUAN-11.jpg\" alt=\"\" width=\"1000\" height=\"667\" srcset=\"https:\/\/vocesparalelas.com.ar\/sitio\/wp-content\/uploads\/2018\/12\/VUELTA-A-SAN-JUAN-11.jpg 1000w, https:\/\/vocesparalelas.com.ar\/sitio\/wp-content\/uploads\/2018\/12\/VUELTA-A-SAN-JUAN-11-300x200.jpg 300w, https:\/\/vocesparalelas.com.ar\/sitio\/wp-content\/uploads\/2018\/12\/VUELTA-A-SAN-JUAN-11-768x512.jpg 768w, https:\/\/vocesparalelas.com.ar\/sitio\/wp-content\/uploads\/2018\/12\/VUELTA-A-SAN-JUAN-11-800x534.jpg 800w\" sizes=\"auto, (max-width: 1000px) 100vw, 1000px\" \/><\/p>\n<p>&nbsp;<\/p>\n<p>&nbsp;<\/p>\n<p>&nbsp;<\/p>\n","protected":false},"excerpt":{"rendered":"<p>Del 27 de Enero al 3 de Febrero de 2019, distintas rutas y calles de la provincia de San Juan,<\/p>\n","protected":false},"author":3,"featured_media":17567,"comment_status":"closed","ping_status":"closed","sticky":false,"template":"","format":"video","meta":{"_acf_changed":false,"_seopress_robots_primary_cat":"","_seopress_titles_title":"","_seopress_titles_desc":"","_seopress_robots_index":"","colormag_page_container_layout":"default_layout","colormag_page_sidebar_layout":"default_layout","footnotes":""},"categories":[1,7],"tags":[],"class_list":["post-17565","post","type-post","status-publish","format-video","has-post-thumbnail","hentry","category-destacadas","category-videos","post_format-post-format-video"],"acf":[],"_links":{"self":[{"href":"https:\/\/vocesparalelas.com.ar\/sitio\/wp-json\/wp\/v2\/posts\/17565","targetHints":{"allow":["GET"]}}],"collection":[{"href":"https:\/\/vocesparalelas.com.ar\/sitio\/wp-json\/wp\/v2\/posts"}],"about":[{"href":"https:\/\/vocesparalelas.com.ar\/sitio\/wp-json\/wp\/v2\/types\/post"}],"author":[{"embeddable":true,"href":"https:\/\/vocesparalelas.com.ar\/sitio\/wp-json\/wp\/v2\/users\/3"}],"replies":[{"embeddable":true,"href":"https:\/\/vocesparalelas.com.ar\/sitio\/wp-json\/wp\/v2\/comments?post=17565"}],"version-history":[{"count":0,"href":"https:\/\/vocesparalelas.com.ar\/sitio\/wp-json\/wp\/v2\/posts\/17565\/revisions"}],"wp:featuredmedia":[{"embeddable":true,"href":"https:\/\/vocesparalelas.com.ar\/sitio\/wp-json\/wp\/v2\/media\/17567"}],"wp:attachment":[{"href":"https:\/\/vocesparalelas.com.ar\/sitio\/wp-json\/wp\/v2\/media?parent=17565"}],"wp:term":[{"taxonomy":"category","embeddable":true,"href":"https:\/\/vocesparalelas.com.ar\/sitio\/wp-json\/wp\/v2\/categories?post=17565"},{"taxonomy":"post_tag","embeddable":true,"href":"https:\/\/vocesparalelas.com.ar\/sitio\/wp-json\/wp\/v2\/tags?post=17565"}],"curies":[{"name":"wp","href":"https:\/\/api.w.org\/{rel}","templated":true}]}}