{"id":17550,"date":"2018-12-07T19:00:33","date_gmt":"2018-12-07T22:00:33","guid":{"rendered":"http:\/\/vocesparalelas.com.ar\/sitio\/?p=17550"},"modified":"2018-12-07T19:00:33","modified_gmt":"2018-12-07T22:00:33","slug":"el-proyecto-gogo-del-artista-sanjuanino-carlos-montenegro","status":"publish","type":"post","link":"https:\/\/vocesparalelas.com.ar\/sitio\/el-proyecto-gogo-del-artista-sanjuanino-carlos-montenegro\/","title":{"rendered":"El Proyecto #GOGO del Artista sanjuanino Carlos Montenegro"},"content":{"rendered":"<p>El Viernes, 07 de Diciembre, a las 20:30 hs.; en el Museo Provincial de Blllas Artes Fraklin Rawson se inaugura la muestra art\u00edstica de Carlos Montenegro, becario 2018 de la Fundaci\u00f3n Banco San Juan.<\/p>\n<p>El trabajo trata de una instalaci\u00f3n visual multidisciplinaria donde se mezclan t\u00e9cnicas de mapping, dibujos, impresiones, animaci\u00f3n, iluminaci\u00f3n, sonido, creando un ambiente multisensorial. Desde una visi\u00f3n un tanto abstracta de un mundo circundante muy parecido al nuestro, las im\u00e1genes expresan el drama sobre la supervivencia, hasta donde pueden llegar las acciones del hombre y por lo que tienen que pasar \u00e9l y las distintas especies para lograr un objetivo.<\/p>\n<p>La instalaci\u00f3n como tal est\u00e1 en desarrollo, se trata de una instalaci\u00f3n de entre 6m x 2m a 8 m x 3 m. En la obra se mezcla dise\u00f1o gr\u00e1fico y artes visuales.<\/p>\n<p>Por una parte, la obra se desarrolla con la aplicaci\u00f3n en la pared de dibujos previos, objetos y pintura. Luego pasa a mappear la superficie a trav\u00e9s de un software t\u00e9cnicas de mapping, intervenimos con im\u00e1genes en movimiento para generar una pel\u00edcula innita interactuando con los objetos y los dibujos.<\/p>\n<p>El clima de la escena se complementa con juegos de luces y ambientaci\u00f3n sonora, para la cual dise\u00f1amos una serie de loops de sonidos y pistas.<\/p>\n<p>Por ello, Voces Paralelas entrevist\u00f3 al Artista sanjuanino Carlos Montenegro quien explic\u00f3 su Proyecto #GOGO, ganador del Concurso de la Fundaci\u00f3n Banco San Juan.<\/p>\n<p><iframe loading=\"lazy\" width=\"800\" height=\"450\" src=\"https:\/\/www.youtube.com\/embed\/VdtnGI08eBU?feature=oembed\" frameborder=\"0\" allow=\"accelerometer; autoplay; encrypted-media; gyroscope; picture-in-picture\" allowfullscreen><\/iframe><\/p>\n<p>&nbsp;<\/p>\n<p><img loading=\"lazy\" decoding=\"async\" class=\"alignnone size-full wp-image-17551\" src=\"https:\/\/vocesparalelas.com.ar\/sitio\/wp-content\/uploads\/2018\/12\/CARLOS-MONETEGRO-02.jpg\" alt=\"\" width=\"1000\" height=\"667\" srcset=\"https:\/\/vocesparalelas.com.ar\/sitio\/wp-content\/uploads\/2018\/12\/CARLOS-MONETEGRO-02.jpg 1000w, https:\/\/vocesparalelas.com.ar\/sitio\/wp-content\/uploads\/2018\/12\/CARLOS-MONETEGRO-02-300x200.jpg 300w, https:\/\/vocesparalelas.com.ar\/sitio\/wp-content\/uploads\/2018\/12\/CARLOS-MONETEGRO-02-768x512.jpg 768w, https:\/\/vocesparalelas.com.ar\/sitio\/wp-content\/uploads\/2018\/12\/CARLOS-MONETEGRO-02-800x534.jpg 800w\" sizes=\"auto, (max-width: 1000px) 100vw, 1000px\" \/><\/p>\n","protected":false},"excerpt":{"rendered":"<p>El Viernes, 07 de Diciembre, a las 20:30 hs.; en el Museo Provincial de Blllas Artes Fraklin Rawson se inaugura<\/p>\n","protected":false},"author":3,"featured_media":17552,"comment_status":"closed","ping_status":"closed","sticky":false,"template":"","format":"video","meta":{"_acf_changed":false,"_seopress_robots_primary_cat":"","_seopress_titles_title":"","_seopress_titles_desc":"","_seopress_robots_index":"","colormag_page_container_layout":"default_layout","colormag_page_sidebar_layout":"default_layout","footnotes":""},"categories":[1,7],"tags":[],"class_list":["post-17550","post","type-post","status-publish","format-video","has-post-thumbnail","hentry","category-destacadas","category-videos","post_format-post-format-video"],"acf":[],"_links":{"self":[{"href":"https:\/\/vocesparalelas.com.ar\/sitio\/wp-json\/wp\/v2\/posts\/17550","targetHints":{"allow":["GET"]}}],"collection":[{"href":"https:\/\/vocesparalelas.com.ar\/sitio\/wp-json\/wp\/v2\/posts"}],"about":[{"href":"https:\/\/vocesparalelas.com.ar\/sitio\/wp-json\/wp\/v2\/types\/post"}],"author":[{"embeddable":true,"href":"https:\/\/vocesparalelas.com.ar\/sitio\/wp-json\/wp\/v2\/users\/3"}],"replies":[{"embeddable":true,"href":"https:\/\/vocesparalelas.com.ar\/sitio\/wp-json\/wp\/v2\/comments?post=17550"}],"version-history":[{"count":0,"href":"https:\/\/vocesparalelas.com.ar\/sitio\/wp-json\/wp\/v2\/posts\/17550\/revisions"}],"wp:featuredmedia":[{"embeddable":true,"href":"https:\/\/vocesparalelas.com.ar\/sitio\/wp-json\/wp\/v2\/media\/17552"}],"wp:attachment":[{"href":"https:\/\/vocesparalelas.com.ar\/sitio\/wp-json\/wp\/v2\/media?parent=17550"}],"wp:term":[{"taxonomy":"category","embeddable":true,"href":"https:\/\/vocesparalelas.com.ar\/sitio\/wp-json\/wp\/v2\/categories?post=17550"},{"taxonomy":"post_tag","embeddable":true,"href":"https:\/\/vocesparalelas.com.ar\/sitio\/wp-json\/wp\/v2\/tags?post=17550"}],"curies":[{"name":"wp","href":"https:\/\/api.w.org\/{rel}","templated":true}]}}