{"id":17546,"date":"2018-12-07T01:36:44","date_gmt":"2018-12-07T04:36:44","guid":{"rendered":"http:\/\/vocesparalelas.com.ar\/sitio\/?p=17546"},"modified":"2018-12-07T01:36:44","modified_gmt":"2018-12-07T04:36:44","slug":"la-trayectoria-de-la-educacion-especial-en-san-juan-que-resguarda-los-derechos-de-los-alumnos-con-discapacidad","status":"publish","type":"post","link":"https:\/\/vocesparalelas.com.ar\/sitio\/la-trayectoria-de-la-educacion-especial-en-san-juan-que-resguarda-los-derechos-de-los-alumnos-con-discapacidad\/","title":{"rendered":"La trayectoria de la Educaci\u00f3n Especial en San Juan que resguarda los Derechos de los alumnos con discapacidad"},"content":{"rendered":"<p>En el \u201cD\u00eda Internacional de las Personas con Discapacidad\u201d las autoridades del Ministerio de Educaci\u00f3n de San Juan, quienes realizaron un recorrido que se fortalece por la Educaci\u00f3n Especial.<\/p>\n<p>Por ello, Voces Paralelas entrevist\u00f3 al ministro de Educaci\u00f3n del Gobierno de San Juan, Lic. Felipe De Los R\u00edos, quien explic\u00f3 sobre la Educaci\u00f3n Especial y sobre la Educaci\u00f3n en General de San Juan.<\/p>\n<p><iframe loading=\"lazy\" width=\"800\" height=\"450\" src=\"https:\/\/www.youtube.com\/embed\/nJ4R5bYux70?feature=oembed\" frameborder=\"0\" allow=\"accelerometer; autoplay; encrypted-media; gyroscope; picture-in-picture\" allowfullscreen><\/iframe><\/p>\n<p>Luego, Voces Paralelas entrevist\u00f3 a la Directora de Educaci\u00f3n Especial del Ministerio, Prof. Mar\u00eda Erima Garrido, quien destac\u00f3 las fortaleces y debilidades de la Educaci\u00f3n Especial en San Juan.<\/p>\n<p><iframe loading=\"lazy\" width=\"800\" height=\"450\" src=\"https:\/\/www.youtube.com\/embed\/q0_yqFFRQFA?feature=oembed\" frameborder=\"0\" allow=\"accelerometer; autoplay; encrypted-media; gyroscope; picture-in-picture\" allowfullscreen><\/iframe><\/p>\n<p>&nbsp;<\/p>\n<p>&nbsp;<\/p>\n<p>&nbsp;<\/p>\n<p>&nbsp;<\/p>\n<p>&nbsp;<\/p>\n","protected":false},"excerpt":{"rendered":"<p>En el \u201cD\u00eda Internacional de las Personas con Discapacidad\u201d las autoridades del Ministerio de Educaci\u00f3n de San Juan, quienes realizaron<\/p>\n","protected":false},"author":3,"featured_media":17547,"comment_status":"closed","ping_status":"closed","sticky":false,"template":"","format":"video","meta":{"_acf_changed":false,"_seopress_robots_primary_cat":"","_seopress_titles_title":"","_seopress_titles_desc":"","_seopress_robots_index":"","colormag_page_container_layout":"default_layout","colormag_page_sidebar_layout":"default_layout","footnotes":""},"categories":[1,7],"tags":[],"class_list":["post-17546","post","type-post","status-publish","format-video","has-post-thumbnail","hentry","category-destacadas","category-videos","post_format-post-format-video"],"acf":[],"_links":{"self":[{"href":"https:\/\/vocesparalelas.com.ar\/sitio\/wp-json\/wp\/v2\/posts\/17546","targetHints":{"allow":["GET"]}}],"collection":[{"href":"https:\/\/vocesparalelas.com.ar\/sitio\/wp-json\/wp\/v2\/posts"}],"about":[{"href":"https:\/\/vocesparalelas.com.ar\/sitio\/wp-json\/wp\/v2\/types\/post"}],"author":[{"embeddable":true,"href":"https:\/\/vocesparalelas.com.ar\/sitio\/wp-json\/wp\/v2\/users\/3"}],"replies":[{"embeddable":true,"href":"https:\/\/vocesparalelas.com.ar\/sitio\/wp-json\/wp\/v2\/comments?post=17546"}],"version-history":[{"count":0,"href":"https:\/\/vocesparalelas.com.ar\/sitio\/wp-json\/wp\/v2\/posts\/17546\/revisions"}],"wp:featuredmedia":[{"embeddable":true,"href":"https:\/\/vocesparalelas.com.ar\/sitio\/wp-json\/wp\/v2\/media\/17547"}],"wp:attachment":[{"href":"https:\/\/vocesparalelas.com.ar\/sitio\/wp-json\/wp\/v2\/media?parent=17546"}],"wp:term":[{"taxonomy":"category","embeddable":true,"href":"https:\/\/vocesparalelas.com.ar\/sitio\/wp-json\/wp\/v2\/categories?post=17546"},{"taxonomy":"post_tag","embeddable":true,"href":"https:\/\/vocesparalelas.com.ar\/sitio\/wp-json\/wp\/v2\/tags?post=17546"}],"curies":[{"name":"wp","href":"https:\/\/api.w.org\/{rel}","templated":true}]}}