{"id":17531,"date":"2018-12-06T22:23:08","date_gmt":"2018-12-07T01:23:08","guid":{"rendered":"http:\/\/vocesparalelas.com.ar\/sitio\/?p=17531"},"modified":"2018-12-06T22:40:00","modified_gmt":"2018-12-07T01:40:00","slug":"convenio-que-beneficia-a-alumnos-y-docentes-hacia-el-eclipse-total-de-sol-del-2-de-julio-de-2019","status":"publish","type":"post","link":"https:\/\/vocesparalelas.com.ar\/sitio\/convenio-que-beneficia-a-alumnos-y-docentes-hacia-el-eclipse-total-de-sol-del-2-de-julio-de-2019\/","title":{"rendered":"Convenio que beneficia a alumnos y docentes hacia el Eclipse Total de Sol del 2 de Julio de 2019"},"content":{"rendered":"<p>El Ministerio de Educaci\u00f3n del Gobierno de San Juan y la Facultad de Ciencias Exactas, F\u00edsicas y Naturales \u2013FCEFN \u2013 de la Universidad Nacional de San Juan firmaron dos actas complementarias para articular contenidos y acciones conjuntas en las \u00e1reas de Astronom\u00eda y Geolog\u00eda, que se desarroll\u00f3 en la Sala de reuniones de la privada del Ministerio.<\/p>\n<p>Las autoridades responsables fueron el Decano de la FCEFN, Ing. Rodolfo Bloch; el Ministro de Educaci\u00f3n del Gobierno de San Juan, Lic. Felipe De Los R\u00edos; el Rector de la UNSJ, Dr. Oscar Nasisi.<\/p>\n<p><img loading=\"lazy\" decoding=\"async\" class=\"alignnone size-full wp-image-17534\" src=\"https:\/\/vocesparalelas.com.ar\/sitio\/wp-content\/uploads\/2018\/12\/FCEFN-EDUCACION-05.jpg\" alt=\"\" width=\"1000\" height=\"667\" srcset=\"https:\/\/vocesparalelas.com.ar\/sitio\/wp-content\/uploads\/2018\/12\/FCEFN-EDUCACION-05.jpg 1000w, https:\/\/vocesparalelas.com.ar\/sitio\/wp-content\/uploads\/2018\/12\/FCEFN-EDUCACION-05-300x200.jpg 300w, https:\/\/vocesparalelas.com.ar\/sitio\/wp-content\/uploads\/2018\/12\/FCEFN-EDUCACION-05-768x512.jpg 768w, https:\/\/vocesparalelas.com.ar\/sitio\/wp-content\/uploads\/2018\/12\/FCEFN-EDUCACION-05-800x534.jpg 800w\" sizes=\"auto, (max-width: 1000px) 100vw, 1000px\" \/><\/p>\n<p><img loading=\"lazy\" decoding=\"async\" class=\"alignnone size-full wp-image-17533\" src=\"https:\/\/vocesparalelas.com.ar\/sitio\/wp-content\/uploads\/2018\/12\/FCEFN-EDUCACION-01.jpg\" alt=\"\" width=\"1000\" height=\"667\" srcset=\"https:\/\/vocesparalelas.com.ar\/sitio\/wp-content\/uploads\/2018\/12\/FCEFN-EDUCACION-01.jpg 1000w, https:\/\/vocesparalelas.com.ar\/sitio\/wp-content\/uploads\/2018\/12\/FCEFN-EDUCACION-01-300x200.jpg 300w, https:\/\/vocesparalelas.com.ar\/sitio\/wp-content\/uploads\/2018\/12\/FCEFN-EDUCACION-01-768x512.jpg 768w, https:\/\/vocesparalelas.com.ar\/sitio\/wp-content\/uploads\/2018\/12\/FCEFN-EDUCACION-01-800x534.jpg 800w\" sizes=\"auto, (max-width: 1000px) 100vw, 1000px\" \/><\/p>\n<p>Acompa\u00f1\u00f3 el Vicedecano de la FCEFN, Lic. Carlos L\u00f3pez, el Secretario Secretaria de Investigaci\u00f3n y Creaci\u00f3n, Dr. Jorge Ernesto Castro, la Secretaria de Educaci\u00f3n del Ministerio, Prof. Mar\u00eda Eugenia Guti\u00e9rrez, otras autoridades de ambas instituciones investigadores y docentes.<\/p>\n<p>Despu\u00e9s, de la firma de tan importante convenio, el Decano de la FCEFN, Ing. Rodolfo Bloch explic\u00f3 \u201cel quehacer de la visi\u00f3n conjunta entre ambas instituciones hacia el conocimiento articulando acciones que permitan ense\u00f1ar a los alumnos de los distintos niveles puedan aprender lo que el 2 de Julio del 2019, se produzca el Eclipse total de Sol y que San Juan puede verlo\u201d.<\/p>\n<p><iframe loading=\"lazy\" width=\"800\" height=\"450\" src=\"https:\/\/www.youtube.com\/embed\/jyUvM5fvAI4?feature=oembed\" frameborder=\"0\" allow=\"accelerometer; autoplay; encrypted-media; gyroscope; picture-in-picture\" allowfullscreen><\/iframe><\/p>\n<p>Luego, el Rector de la UNSJ, Dr. Nasisi subray\u00f3 que \u201ceste convenio es transferir conocimiento de nuestros investigadores a los alumnos para que conozcan este mundo apasionante y desconocido para muchos\u201d.<\/p>\n<p><iframe loading=\"lazy\" width=\"800\" height=\"450\" src=\"https:\/\/www.youtube.com\/embed\/E_fno0io0Mg?feature=oembed\" frameborder=\"0\" allow=\"accelerometer; autoplay; encrypted-media; gyroscope; picture-in-picture\" allowfullscreen><\/iframe><\/p>\n<p>Finalmente, el Ministro de Educaci\u00f3n del Gobierno de San Juan, Lic. Felipe De Los R\u00edos puntualiz\u00f3 que \u201cel trabajo conjunto entre la Facultad y el Ministerio nos permiten avanzar sobre el conocimiento en astronom\u00eda mirando hacia el Eclipse Total de Sol, un hecho natural in\u00e9dito para los alumnos de San Juan\u201d.<\/p>\n<p><iframe loading=\"lazy\" width=\"800\" height=\"450\" src=\"https:\/\/www.youtube.com\/embed\/xdC9R34UOcM?feature=oembed\" frameborder=\"0\" allow=\"accelerometer; autoplay; encrypted-media; gyroscope; picture-in-picture\" allowfullscreen><\/iframe><\/p>\n<p><span style=\"color: #008080\"><strong>Eclipse total de Sol<\/strong><\/span><\/p>\n<p>El 2 de julio del 2019 se producir\u00e1 un eclipse total de Sol, el cual ser\u00e1 visible sobre el Oc\u00e9ano Pac\u00edfico, Chile y Argentina. Ser\u00e1 parcial en gran parte de nuestro pa\u00eds (fuera de la zona de sombra de la Luna), mientras que el recorrido de la sombra, donde el Sol ser\u00e1 ocultado en forma completa, abarcar\u00e1 una estrecha franja que cruzar\u00e1 de oeste a este las provincias de San Juan, San Luis, La Rioja, C\u00f3rdoba, Santa Fe y Buenos Aires. La totalidad del eclipse ocurrir\u00e1 al atardecer, por lo que las mejores ubicaciones en nuestro pa\u00eds ser\u00e1n aquellas ubicadas al oeste del mismo, en particular el oeste de la provincia de San Juan.<\/p>\n<p>Dado que para una regi\u00f3n determinada un eclipse de Sol resulta ser un evento astron\u00f3mico extremadamente poco frecuente, la observaci\u00f3n del fen\u00f3meno tendr\u00e1 para la provincia de San Juan un alto valor cultural y educativo, adem\u00e1s del impacto en el sector tur\u00edstico. En este sentido, varias localidades sanjuaninas se encuentran en el camino de la totalidad de la sombra: Bella Vista, Rodeo, Las Flores, San Jos\u00e9 de J\u00e1chal, norte de la ciudad de San Juan, Villa Mercedes, El Fiscal, Huaco, Mogna, Villa San Agust\u00edn, Las Tumanas, Chucuma, Marayes y Caucete.<\/p>\n<p>Entre el Ministerio de Educaci\u00f3n y la Facultad se realizan acciones conjuntas para concretar actividades, en el \u00e1mbito del Sistema Educativo de San Juan, que tengan que ver con la difusi\u00f3n del Eclipse Total a producirse el 2 de julio de 2019, enmarcadas en el abordaje del estudio de las ciencias.<\/p>\n<p>La Facultad de Ciencias Exactas, F\u00edsicas y Naturales designa al Observatorio Astron\u00f3mico \u201cF\u00e9lix Aguilar\u201d, al Departamento de Geof\u00edsica y Astronom\u00eda, y al Instituto de Ciencias Astron\u00f3micas, de la Tierra y del Espacio (ICATE) como Unidades Ejecutoras encargadas de concretar las charlas, conferencias, explicaciones y actividades en general, desde el punto de vista cient\u00edfico, que el Ministerio planifique.<\/p>\n<p><span style=\"color: #008080\"><strong>Formaci\u00f3n curricular de docentes<\/strong><\/span><\/p>\n<p>Entre la Facultad y el Ministerio se acuerda en la necesidad de realizar acciones conjuntas, tendientes a complementar la formaci\u00f3n curricular de docentes del Sistema Educativo Provincial, en temas del quehacer cient\u00edfico vinculados con la Astronom\u00eda y Ciencias de la Tierra.<\/p>\n<p>Para la ejecuci\u00f3n efectiva de lo expresado en la Cl\u00e1usula anterior, la Facultad dispondr\u00e1 de personal altamente capacitado, perteneciente a los Departamentos de Geolog\u00eda, de Geof\u00edsica y Astronom\u00eda y del Instituto de Ciencias Astron\u00f3micas, de la Tierra y del Espacio &#8211; ICATE -, de la Facultad de Ciencias Exactas, F\u00edsicas y Naturales, quien desarrollar\u00e1 las actividades de capacitaci\u00f3n explicitadas.<\/p>\n<p>&nbsp;<\/p>\n<p>&nbsp;<\/p>\n<p>&nbsp;<\/p>\n<p>&nbsp;<\/p>\n","protected":false},"excerpt":{"rendered":"<p>El Ministerio de Educaci\u00f3n del Gobierno de San Juan y la Facultad de Ciencias Exactas, F\u00edsicas y Naturales \u2013FCEFN \u2013<\/p>\n","protected":false},"author":3,"featured_media":17532,"comment_status":"closed","ping_status":"closed","sticky":false,"template":"","format":"video","meta":{"_acf_changed":false,"_seopress_robots_primary_cat":"","_seopress_titles_title":"","_seopress_titles_desc":"","_seopress_robots_index":"","colormag_page_container_layout":"default_layout","colormag_page_sidebar_layout":"default_layout","footnotes":""},"categories":[1,7],"tags":[],"class_list":["post-17531","post","type-post","status-publish","format-video","has-post-thumbnail","hentry","category-destacadas","category-videos","post_format-post-format-video"],"acf":[],"_links":{"self":[{"href":"https:\/\/vocesparalelas.com.ar\/sitio\/wp-json\/wp\/v2\/posts\/17531","targetHints":{"allow":["GET"]}}],"collection":[{"href":"https:\/\/vocesparalelas.com.ar\/sitio\/wp-json\/wp\/v2\/posts"}],"about":[{"href":"https:\/\/vocesparalelas.com.ar\/sitio\/wp-json\/wp\/v2\/types\/post"}],"author":[{"embeddable":true,"href":"https:\/\/vocesparalelas.com.ar\/sitio\/wp-json\/wp\/v2\/users\/3"}],"replies":[{"embeddable":true,"href":"https:\/\/vocesparalelas.com.ar\/sitio\/wp-json\/wp\/v2\/comments?post=17531"}],"version-history":[{"count":0,"href":"https:\/\/vocesparalelas.com.ar\/sitio\/wp-json\/wp\/v2\/posts\/17531\/revisions"}],"wp:featuredmedia":[{"embeddable":true,"href":"https:\/\/vocesparalelas.com.ar\/sitio\/wp-json\/wp\/v2\/media\/17532"}],"wp:attachment":[{"href":"https:\/\/vocesparalelas.com.ar\/sitio\/wp-json\/wp\/v2\/media?parent=17531"}],"wp:term":[{"taxonomy":"category","embeddable":true,"href":"https:\/\/vocesparalelas.com.ar\/sitio\/wp-json\/wp\/v2\/categories?post=17531"},{"taxonomy":"post_tag","embeddable":true,"href":"https:\/\/vocesparalelas.com.ar\/sitio\/wp-json\/wp\/v2\/tags?post=17531"}],"curies":[{"name":"wp","href":"https:\/\/api.w.org\/{rel}","templated":true}]}}