{"id":17529,"date":"2018-12-06T20:03:49","date_gmt":"2018-12-06T23:03:49","guid":{"rendered":"http:\/\/vocesparalelas.com.ar\/sitio\/?p=17529"},"modified":"2018-12-06T20:03:49","modified_gmt":"2018-12-06T23:03:49","slug":"se-inaugura-la-biblioteca-popular-libros-libres","status":"publish","type":"post","link":"https:\/\/vocesparalelas.com.ar\/sitio\/se-inaugura-la-biblioteca-popular-libros-libres\/","title":{"rendered":"Se inaugura la Biblioteca Popular \u201cLibros Libres\u201d"},"content":{"rendered":"<p>El Viernes, 7 de Diciembre, a las 20.30 hs.; en Ferm\u00edn Rodr\u00edguez 432, entre Diagonal Sarmiento y Rawson; Departamento Caucete, se inaugura la Biblioteca Popular \u201cLibros Libres\u201d.<\/p>\n<p>La iniciativa naci\u00f3 de un grupo de j\u00f3venes del departamento junto a la diputada nacional por San Juan, Lic. Daniela Castro.<\/p>\n<p>\u201cLibros Libres\u201d, adem\u00e1s de ser un espacio para la lectura, tambi\u00e9n es un Centro Cultural y un lugar de ense\u00f1anza. En ella, se dictan talleres de viol\u00edn, dise\u00f1o de indumentaria, guitarra, ajedrez, teatro y clases de apoyo escolar. Asimismo, llevan a cabo actividades con alumnos de distintas escuelas y charlas de concientizaci\u00f3n sobre problem\u00e1ticas como la violencia de g\u00e9nero.<\/p>\n<p>El equipo de trabajo de esta ONG est\u00e1 conformado por Fabi\u00e1n Araya como presidente; Nadia Calleja, vicepresidenta; Liliana P\u00e9rez es la secretaria; Mauricio Escudero es tesorero; Ivan Palacio, Enzo Escudero y No\u00e9lia S\u00e1nchez son vocales; mientras que la coordinaci\u00f3n pedag\u00f3gica est\u00e1 a cargo de la profesora Silvia Fonzalida.<\/p>\n<p>\u201cLa biblioteca se llama Libros Libres porque el conocimiento nos hace libres. El poder conocer y descubrir nos permite tomar decisiones libremente. Asimismo, la libertad es uno de los derechos fundamentales de toda persona y ese es el mensaje que queremos darle a nuestra comunidad\u00bb, dijo Daniela Castro.<\/p>\n<p><img loading=\"lazy\" decoding=\"async\" class=\"alignnone size-full wp-image-17526\" src=\"https:\/\/vocesparalelas.com.ar\/sitio\/wp-content\/uploads\/2018\/10\/CAUCETE-Biblioteca-DANIELA.jpg\" alt=\"\" width=\"960\" height=\"639\" srcset=\"https:\/\/vocesparalelas.com.ar\/sitio\/wp-content\/uploads\/2018\/10\/CAUCETE-Biblioteca-DANIELA.jpg 960w, https:\/\/vocesparalelas.com.ar\/sitio\/wp-content\/uploads\/2018\/10\/CAUCETE-Biblioteca-DANIELA-300x200.jpg 300w, https:\/\/vocesparalelas.com.ar\/sitio\/wp-content\/uploads\/2018\/10\/CAUCETE-Biblioteca-DANIELA-768x511.jpg 768w, https:\/\/vocesparalelas.com.ar\/sitio\/wp-content\/uploads\/2018\/10\/CAUCETE-Biblioteca-DANIELA-800x533.jpg 800w\" sizes=\"auto, (max-width: 960px) 100vw, 960px\" \/><\/p>\n<p><iframe loading=\"lazy\" width=\"800\" height=\"600\" src=\"https:\/\/www.youtube.com\/embed\/xQbMhMOh7IM?feature=oembed\" frameborder=\"0\" allow=\"accelerometer; autoplay; encrypted-media; gyroscope; picture-in-picture\" allowfullscreen><\/iframe><\/p>\n<p>&nbsp;<\/p>\n<p><img loading=\"lazy\" decoding=\"async\" class=\"alignnone  wp-image-17527\" src=\"https:\/\/vocesparalelas.com.ar\/sitio\/wp-content\/uploads\/2018\/10\/CAUCETE-Biblioteca.jpeg\" alt=\"\" width=\"733\" height=\"1303\" \/><\/p>\n<p>&nbsp;<\/p>\n<p>&nbsp;<\/p>\n<p>&nbsp;<\/p>\n","protected":false},"excerpt":{"rendered":"<p>El Viernes, 7 de Diciembre, a las 20.30 hs.; en Ferm\u00edn Rodr\u00edguez 432, entre Diagonal Sarmiento y Rawson; Departamento Caucete,<\/p>\n","protected":false},"author":3,"featured_media":17525,"comment_status":"closed","ping_status":"closed","sticky":false,"template":"","format":"video","meta":{"_acf_changed":false,"_seopress_robots_primary_cat":"","_seopress_titles_title":"","_seopress_titles_desc":"","_seopress_robots_index":"","colormag_page_container_layout":"default_layout","colormag_page_sidebar_layout":"default_layout","footnotes":""},"categories":[1,7],"tags":[],"class_list":["post-17529","post","type-post","status-publish","format-video","has-post-thumbnail","hentry","category-destacadas","category-videos","post_format-post-format-video"],"acf":[],"_links":{"self":[{"href":"https:\/\/vocesparalelas.com.ar\/sitio\/wp-json\/wp\/v2\/posts\/17529","targetHints":{"allow":["GET"]}}],"collection":[{"href":"https:\/\/vocesparalelas.com.ar\/sitio\/wp-json\/wp\/v2\/posts"}],"about":[{"href":"https:\/\/vocesparalelas.com.ar\/sitio\/wp-json\/wp\/v2\/types\/post"}],"author":[{"embeddable":true,"href":"https:\/\/vocesparalelas.com.ar\/sitio\/wp-json\/wp\/v2\/users\/3"}],"replies":[{"embeddable":true,"href":"https:\/\/vocesparalelas.com.ar\/sitio\/wp-json\/wp\/v2\/comments?post=17529"}],"version-history":[{"count":0,"href":"https:\/\/vocesparalelas.com.ar\/sitio\/wp-json\/wp\/v2\/posts\/17529\/revisions"}],"wp:featuredmedia":[{"embeddable":true,"href":"https:\/\/vocesparalelas.com.ar\/sitio\/wp-json\/wp\/v2\/media\/17525"}],"wp:attachment":[{"href":"https:\/\/vocesparalelas.com.ar\/sitio\/wp-json\/wp\/v2\/media?parent=17529"}],"wp:term":[{"taxonomy":"category","embeddable":true,"href":"https:\/\/vocesparalelas.com.ar\/sitio\/wp-json\/wp\/v2\/categories?post=17529"},{"taxonomy":"post_tag","embeddable":true,"href":"https:\/\/vocesparalelas.com.ar\/sitio\/wp-json\/wp\/v2\/tags?post=17529"}],"curies":[{"name":"wp","href":"https:\/\/api.w.org\/{rel}","templated":true}]}}