{"id":17518,"date":"2018-12-06T17:45:55","date_gmt":"2018-12-06T20:45:55","guid":{"rendered":"http:\/\/vocesparalelas.com.ar\/sitio\/?p=17518"},"modified":"2018-12-07T19:25:05","modified_gmt":"2018-12-07T22:25:05","slug":"retiro-espiritual-los-angeles-de-la-navidad","status":"publish","type":"post","link":"https:\/\/vocesparalelas.com.ar\/sitio\/retiro-espiritual-los-angeles-de-la-navidad\/","title":{"rendered":"Retiro Espiritual \u00abLos \u00c1ngeles de la Navidad\u00bb"},"content":{"rendered":"<p>El S\u00e1bado, 15 de Diciembre, de 9 a 12:30 hs.; en el Sal\u00f3n Multimedial Climatizado de la Escuela Obreros del Porvenir, Alem 527 \u2013 S \u2013 Capital, se desarrolla el Retiro de Navidad \u00abLos \u00c1ngeles de la Navidad\u00bb, a cargo del Prof. Gustavo Daniel D&#8217;Apice.<\/p>\n<p>El mismo tiene Resoluci\u00f3n Ministerial y Auspicio Cultural que consta de tres charlas intensivas con dos intervalos, el primero con caf\u00e9, proyecci\u00f3n en Pantalla, ampliaci\u00f3n de sonido, m\u00fasica de fondo, Tienda de Espiritualidad y se entrega carpeta con el material gr\u00e1fico para cada uno de los participantes.<\/p>\n<p>Al finalizar, el participante obtiene el certificado, con la Asistencia 6 horas o Asistencia y Aprobaci\u00f3n, 45 horas, al realizar un trabajo de profundizaci\u00f3n con la gu\u00eda del Profesor, que incluye tutor\u00eda.<\/p>\n<p>Destinado a docentes, estudiantes y p\u00fablico en general.<\/p>\n<p>El cupo es limitados<\/p>\n<p><span style=\"color: #ff0000\"><strong>Inscripci\u00f3n<\/strong><\/span><\/p>\n<p>En la Librer\u00eda, de Tucum\u00e1n 369 \u2013 S \u2013 Capital<\/p>\n<p><span style=\"color: #ff0000\"><strong>M\u00e1s informaci\u00f3n<\/strong><\/span><\/p>\n<p>264-505-3326<\/p>\n<p>&nbsp;<\/p>\n","protected":false},"excerpt":{"rendered":"<p>El S\u00e1bado, 15 de Diciembre, de 9 a 12:30 hs.; en el Sal\u00f3n Multimedial Climatizado de la Escuela Obreros del<\/p>\n","protected":false},"author":3,"featured_media":17519,"comment_status":"closed","ping_status":"closed","sticky":false,"template":"","format":"standard","meta":{"_acf_changed":false,"_seopress_robots_primary_cat":"","_seopress_titles_title":"","_seopress_titles_desc":"","_seopress_robots_index":"","colormag_page_container_layout":"default_layout","colormag_page_sidebar_layout":"default_layout","footnotes":""},"categories":[9],"tags":[],"class_list":["post-17518","post","type-post","status-publish","format-standard","has-post-thumbnail","hentry","category-cursos"],"acf":[],"_links":{"self":[{"href":"https:\/\/vocesparalelas.com.ar\/sitio\/wp-json\/wp\/v2\/posts\/17518","targetHints":{"allow":["GET"]}}],"collection":[{"href":"https:\/\/vocesparalelas.com.ar\/sitio\/wp-json\/wp\/v2\/posts"}],"about":[{"href":"https:\/\/vocesparalelas.com.ar\/sitio\/wp-json\/wp\/v2\/types\/post"}],"author":[{"embeddable":true,"href":"https:\/\/vocesparalelas.com.ar\/sitio\/wp-json\/wp\/v2\/users\/3"}],"replies":[{"embeddable":true,"href":"https:\/\/vocesparalelas.com.ar\/sitio\/wp-json\/wp\/v2\/comments?post=17518"}],"version-history":[{"count":0,"href":"https:\/\/vocesparalelas.com.ar\/sitio\/wp-json\/wp\/v2\/posts\/17518\/revisions"}],"wp:featuredmedia":[{"embeddable":true,"href":"https:\/\/vocesparalelas.com.ar\/sitio\/wp-json\/wp\/v2\/media\/17519"}],"wp:attachment":[{"href":"https:\/\/vocesparalelas.com.ar\/sitio\/wp-json\/wp\/v2\/media?parent=17518"}],"wp:term":[{"taxonomy":"category","embeddable":true,"href":"https:\/\/vocesparalelas.com.ar\/sitio\/wp-json\/wp\/v2\/categories?post=17518"},{"taxonomy":"post_tag","embeddable":true,"href":"https:\/\/vocesparalelas.com.ar\/sitio\/wp-json\/wp\/v2\/tags?post=17518"}],"curies":[{"name":"wp","href":"https:\/\/api.w.org\/{rel}","templated":true}]}}