{"id":17457,"date":"2018-12-10T00:10:29","date_gmt":"2018-12-10T03:10:29","guid":{"rendered":"http:\/\/vocesparalelas.com.ar\/sitio\/?p=17457"},"modified":"2018-12-10T00:10:29","modified_gmt":"2018-12-10T03:10:29","slug":"se-entrego-la-revista-ciencia-hoy-de-los-chicos-a-distintas-escuelas-del-nivel-primario-de-san-juan","status":"publish","type":"post","link":"https:\/\/vocesparalelas.com.ar\/sitio\/se-entrego-la-revista-ciencia-hoy-de-los-chicos-a-distintas-escuelas-del-nivel-primario-de-san-juan\/","title":{"rendered":"Se entreg\u00f3 la Revista \u201cCiencia Hoy de los Chicos\u201d a distintas escuelas del Nivel Primario de San Juan"},"content":{"rendered":"<p>En Casa de Gobierno, la Secretar\u00eda de Ciencia, Tecnolog\u00eda e Innovaci\u00f3n \u2013 SECITI &#8211; y el Ministerio de Educaci\u00f3n del Gobierno de San Juan, hicieron la presentaci\u00f3n de la Revista \u201cCiencia Hoy de los Chicos\u201d, en papel y digital para las escuelas del Nivel Primario de San Juan.<\/p>\n<p>Por ello, la directora de Comunicaci\u00f3n P\u00fablica de la Ciencia del SECITI, Lic. Valeria Gamboa, explic\u00f3 el contenido de la revista convirti\u00e9ndose una forma de hacer conocer la ciencia y respaldada por el CONICET en el marco del Programa San Juan est\u00e1 de Ciencia.<\/p>\n<p><iframe loading=\"lazy\" width=\"800\" height=\"450\" src=\"https:\/\/www.youtube.com\/embed\/oc3zbtSXrA4?feature=oembed\" frameborder=\"0\" allow=\"accelerometer; autoplay; encrypted-media; gyroscope; picture-in-picture\" allowfullscreen><\/iframe><\/p>\n<p>Seguidamente, el Ministro de Educaci\u00f3n, Lic. Felipe De Los R\u00edos, subray\u00f3 la importancia del trabajo entre los organismos de gobierno, siendo la Revista un aporte cient\u00edfico para los alumnos de la Educaci\u00f3n Primaria.<\/p>\n<p><iframe loading=\"lazy\" width=\"800\" height=\"450\" src=\"https:\/\/www.youtube.com\/embed\/XptCPwRR5ZE?feature=oembed\" frameborder=\"0\" allow=\"accelerometer; autoplay; encrypted-media; gyroscope; picture-in-picture\" allowfullscreen><\/iframe><\/p>\n<p>Por \u00faltimo, el Gobernador de San Juan, Dr. Sergio U\u00f1ac, resalt\u00f3 que el trabajo conjunto es producto de buscar los medios de obtener resultados positivos.<\/p>\n<p><iframe loading=\"lazy\" width=\"800\" height=\"450\" src=\"https:\/\/www.youtube.com\/embed\/CUPuQQZ6JxU?feature=oembed\" frameborder=\"0\" allow=\"accelerometer; autoplay; encrypted-media; gyroscope; picture-in-picture\" allowfullscreen><\/iframe><\/p>\n<p>De esta manera, se entregaron las Revistas a los directores y alumnos de las Escuelas Clara Rosa Cortines, Especial Merceditas de San Mart\u00edn; 13 de Junio; 9 de Julio; Cornelio Saavedra, turno tarde; Teniente Primero Francisco Ib\u00e1\u00f1ez y Colegio Los Olivos.<\/p>\n<p><img loading=\"lazy\" decoding=\"async\" class=\"alignnone size-full wp-image-17581\" src=\"https:\/\/vocesparalelas.com.ar\/sitio\/wp-content\/uploads\/2018\/12\/SECITI-REVISTA-10.jpg\" alt=\"\" width=\"907\" height=\"1024\" srcset=\"https:\/\/vocesparalelas.com.ar\/sitio\/wp-content\/uploads\/2018\/12\/SECITI-REVISTA-10.jpg 907w, https:\/\/vocesparalelas.com.ar\/sitio\/wp-content\/uploads\/2018\/12\/SECITI-REVISTA-10-266x300.jpg 266w, https:\/\/vocesparalelas.com.ar\/sitio\/wp-content\/uploads\/2018\/12\/SECITI-REVISTA-10-768x867.jpg 768w, https:\/\/vocesparalelas.com.ar\/sitio\/wp-content\/uploads\/2018\/12\/SECITI-REVISTA-10-709x800.jpg 709w\" sizes=\"auto, (max-width: 907px) 100vw, 907px\" \/><\/p>\n<p>&nbsp;<\/p>\n<p><img loading=\"lazy\" decoding=\"async\" class=\"alignnone size-full wp-image-17583\" src=\"https:\/\/vocesparalelas.com.ar\/sitio\/wp-content\/uploads\/2018\/12\/REVISTA-CIENCIA-02.jpg\" alt=\"\" width=\"1000\" height=\"667\" srcset=\"https:\/\/vocesparalelas.com.ar\/sitio\/wp-content\/uploads\/2018\/12\/REVISTA-CIENCIA-02.jpg 1000w, https:\/\/vocesparalelas.com.ar\/sitio\/wp-content\/uploads\/2018\/12\/REVISTA-CIENCIA-02-300x200.jpg 300w, https:\/\/vocesparalelas.com.ar\/sitio\/wp-content\/uploads\/2018\/12\/REVISTA-CIENCIA-02-768x512.jpg 768w, https:\/\/vocesparalelas.com.ar\/sitio\/wp-content\/uploads\/2018\/12\/REVISTA-CIENCIA-02-800x534.jpg 800w\" sizes=\"auto, (max-width: 1000px) 100vw, 1000px\" \/><\/p>\n<p><img loading=\"lazy\" decoding=\"async\" class=\"alignnone size-full wp-image-17584\" src=\"https:\/\/vocesparalelas.com.ar\/sitio\/wp-content\/uploads\/2018\/12\/REVISTA-CIENCIA-01.jpg\" alt=\"\" width=\"1000\" height=\"667\" srcset=\"https:\/\/vocesparalelas.com.ar\/sitio\/wp-content\/uploads\/2018\/12\/REVISTA-CIENCIA-01.jpg 1000w, https:\/\/vocesparalelas.com.ar\/sitio\/wp-content\/uploads\/2018\/12\/REVISTA-CIENCIA-01-300x200.jpg 300w, https:\/\/vocesparalelas.com.ar\/sitio\/wp-content\/uploads\/2018\/12\/REVISTA-CIENCIA-01-768x512.jpg 768w, https:\/\/vocesparalelas.com.ar\/sitio\/wp-content\/uploads\/2018\/12\/REVISTA-CIENCIA-01-800x534.jpg 800w\" sizes=\"auto, (max-width: 1000px) 100vw, 1000px\" \/><\/p>\n<p>&nbsp;<\/p>\n<p>&nbsp;<\/p>\n<p>&nbsp;<\/p>\n<p>&nbsp;<\/p>\n<p>&nbsp;<\/p>\n<p>&nbsp;<\/p>\n<p>&nbsp;<\/p>\n<p>&nbsp;<\/p>\n<p>&nbsp;<\/p>\n<p>&nbsp;<\/p>\n","protected":false},"excerpt":{"rendered":"<p>En Casa de Gobierno, la Secretar\u00eda de Ciencia, Tecnolog\u00eda e Innovaci\u00f3n \u2013 SECITI &#8211; y el Ministerio de Educaci\u00f3n del<\/p>\n","protected":false},"author":3,"featured_media":17582,"comment_status":"closed","ping_status":"closed","sticky":false,"template":"","format":"video","meta":{"_acf_changed":false,"_seopress_robots_primary_cat":"","_seopress_titles_title":"","_seopress_titles_desc":"","_seopress_robots_index":"","colormag_page_container_layout":"default_layout","colormag_page_sidebar_layout":"default_layout","footnotes":""},"categories":[1,7],"tags":[],"class_list":["post-17457","post","type-post","status-publish","format-video","has-post-thumbnail","hentry","category-destacadas","category-videos","post_format-post-format-video"],"acf":[],"_links":{"self":[{"href":"https:\/\/vocesparalelas.com.ar\/sitio\/wp-json\/wp\/v2\/posts\/17457","targetHints":{"allow":["GET"]}}],"collection":[{"href":"https:\/\/vocesparalelas.com.ar\/sitio\/wp-json\/wp\/v2\/posts"}],"about":[{"href":"https:\/\/vocesparalelas.com.ar\/sitio\/wp-json\/wp\/v2\/types\/post"}],"author":[{"embeddable":true,"href":"https:\/\/vocesparalelas.com.ar\/sitio\/wp-json\/wp\/v2\/users\/3"}],"replies":[{"embeddable":true,"href":"https:\/\/vocesparalelas.com.ar\/sitio\/wp-json\/wp\/v2\/comments?post=17457"}],"version-history":[{"count":0,"href":"https:\/\/vocesparalelas.com.ar\/sitio\/wp-json\/wp\/v2\/posts\/17457\/revisions"}],"wp:featuredmedia":[{"embeddable":true,"href":"https:\/\/vocesparalelas.com.ar\/sitio\/wp-json\/wp\/v2\/media\/17582"}],"wp:attachment":[{"href":"https:\/\/vocesparalelas.com.ar\/sitio\/wp-json\/wp\/v2\/media?parent=17457"}],"wp:term":[{"taxonomy":"category","embeddable":true,"href":"https:\/\/vocesparalelas.com.ar\/sitio\/wp-json\/wp\/v2\/categories?post=17457"},{"taxonomy":"post_tag","embeddable":true,"href":"https:\/\/vocesparalelas.com.ar\/sitio\/wp-json\/wp\/v2\/tags?post=17457"}],"curies":[{"name":"wp","href":"https:\/\/api.w.org\/{rel}","templated":true}]}}