{"id":17442,"date":"2018-12-07T02:31:19","date_gmt":"2018-12-07T05:31:19","guid":{"rendered":"http:\/\/vocesparalelas.com.ar\/sitio\/?p=17442"},"modified":"2018-12-10T00:20:07","modified_gmt":"2018-12-10T03:20:07","slug":"convocatoria-a-participar-del-programa-provincial-de-arte-ciencia-y-tecnologia","status":"publish","type":"post","link":"https:\/\/vocesparalelas.com.ar\/sitio\/convocatoria-a-participar-del-programa-provincial-de-arte-ciencia-y-tecnologia\/","title":{"rendered":"Convocatoria a participar del Programa Provincial de Arte, Ciencia y Tecnolog\u00eda"},"content":{"rendered":"<p>El Gobierno de San Juan a trav\u00e9s de la Secretar\u00eda de Estado de Ciencia, Tecnolog\u00eda e Innovaci\u00f3n &#8211; SECITI -, invita a participar a profesionales del arte y de la ciencia.<\/p>\n<p>Por ello, Voces Paralelas entrevist\u00f3 a la Directora de Promoci\u00f3n Cient\u00edfica y Cooperaci\u00f3n Internacional del SECITI, Lic. Fabiana Guerrero, quien explic\u00f3 sobre la convocatoria.<\/p>\n<p><iframe loading=\"lazy\" width=\"800\" height=\"450\" src=\"https:\/\/www.youtube.com\/embed\/JuKGRiXJJrA?feature=oembed\" frameborder=\"0\" allow=\"accelerometer; autoplay; encrypted-media; gyroscope; picture-in-picture\" allowfullscreen><\/iframe><\/p>\n<p>&nbsp;<\/p>\n<p><img loading=\"lazy\" decoding=\"async\" class=\"alignnone size-full wp-image-17443\" src=\"https:\/\/vocesparalelas.com.ar\/sitio\/wp-content\/uploads\/2018\/12\/CONVOCATORIA-CIENCIA-10.jpg\" alt=\"\" width=\"1000\" height=\"867\" srcset=\"https:\/\/vocesparalelas.com.ar\/sitio\/wp-content\/uploads\/2018\/12\/CONVOCATORIA-CIENCIA-10.jpg 1000w, https:\/\/vocesparalelas.com.ar\/sitio\/wp-content\/uploads\/2018\/12\/CONVOCATORIA-CIENCIA-10-300x260.jpg 300w, https:\/\/vocesparalelas.com.ar\/sitio\/wp-content\/uploads\/2018\/12\/CONVOCATORIA-CIENCIA-10-768x666.jpg 768w, https:\/\/vocesparalelas.com.ar\/sitio\/wp-content\/uploads\/2018\/12\/CONVOCATORIA-CIENCIA-10-800x694.jpg 800w\" sizes=\"auto, (max-width: 1000px) 100vw, 1000px\" \/><\/p>\n<p>&nbsp;<\/p>\n<p>La convocatoria est\u00e1\u00a0dirigida a profesionales del arte y la ciencia, quienes deber\u00e1n presentar proyectos sobre desarrollos art\u00edsticos que denoten la estrecha relaci\u00f3n entre el arte, la ciencia y la tecnolog\u00eda. Los proyectos se recibir\u00e1n desde el d\u00eda 11 al 15 de marzo de 2019 hasta las 12 hs.<\/p>\n<p>Este programa tiene como objeto\u00a0abrir un espacio de fomento y apoyo a proyectos sobre desarrollos art\u00edsticos\u00a0en diferentes categor\u00edas, para mostrar como la ciencia y la tecnolog\u00eda se interrelacionan y complementan con las diferentes expresiones art\u00edsticas. Abriendo de esta manera la posibilidad de combinar los saberes cient\u00edficos en disciplinas como literatura, poes\u00eda, arquitectura, artesan\u00eda, cine, dise\u00f1o, fotograf\u00eda, entre otras.<\/p>\n<p>Se suele sostener que el arte y la ciencia constituyen dos campos claramente diferenciados, por motivaciones y por objetivos completamente diferentes sin intersecci\u00f3n entre s\u00ed. Sin embargo, desde la perspectiva de los desarrollos contempor\u00e1neos, la diferencia epistemol\u00f3gica entre la ciencia y el arte no es, en modo alguno, irreconciliable.<\/p>\n<p>Por ello, este programa apoya los proyectos art\u00edsticos \u2013 cient\u00edficos que representen dicha interrelaci\u00f3n y su evoluci\u00f3n conjunta.<\/p>\n<p><strong><span style=\"color: #ff00ff\">Objetivo general<\/span><\/strong><\/p>\n<ul>\n<li>Fomentar la generaci\u00f3n de proyectos art\u00edsticos fundados en la ciencia y la tecnolog\u00eda, con\u00a0foco en la interdisciplinariedad.<\/li>\n<\/ul>\n<p><span style=\"color: #ff00ff\"><strong>Objetivos espec\u00edficos<\/strong><\/span><\/p>\n<ul>\n<li>Apoyar el desarrollo de proyectos acad\u00e9micos del \u00e1rea art\u00edstica.<\/li>\n<li>Motivar el trabajo conjunto de investigadores, cient\u00edficos y agentes creativos de nuestra provincia.<\/li>\n<li>Incentivar la difusi\u00f3n de actividades de los circuitos art\u00edsticos.<\/li>\n<li>Fortalecer la interrelaci\u00f3n entre arte, ciencia y tecnolog\u00eda.<\/li>\n<\/ul>\n<p><strong><span style=\"color: #ff00ff\">Financiamiento<\/span><\/strong><\/p>\n<p>Para esta convocatoria 2018 este programa cuenta con un fondo total de\u00a0$1.000.000, el cual se dividir\u00e1 en dos l\u00edneas de financiamiento:<\/p>\n<ol>\n<li>Apoyo a nuevos proyectos de desarrollo art\u00edsticos interdisciplinarios. Se financiar\u00e1n 5 proyectos por un monto m\u00e1ximo por proyectos de hasta $100.000 por un per\u00edodo de tiempo no superior a 12 meses para producci\u00f3n a contar de la fecha del dep\u00f3sito de los fondos.<\/li>\n<\/ol>\n<ol start=\"2\">\n<li>Apoyo a proyectos de desarrollo art\u00edsticos interdisciplinarios ya en ejecuci\u00f3n para su etapa de finalizaci\u00f3n y difusi\u00f3n: se financiar\u00e1n 5 proyectos por un monto m\u00e1ximo a entregar por proyecto de hasta $ 100.000 por un per\u00edodo de tiempo no superior a 12 meses para terminar la producci\u00f3n a contar de la fecha del dep\u00f3sito efectivo de los fondos.<\/li>\n<\/ol>\n<p>Para el plan de difusi\u00f3n, se pueden destinar de 4 a 6 meses para difusi\u00f3n, sin superar los\u00a012 meses de trabajo conjunto entre producci\u00f3n y difusi\u00f3n.<\/p>\n<p>Para consultar bases y condiciones,\u00a0ingresar<\/p>\n<p><a href=\"http:\/\/ciencia.sanjuan.gob.ar\/\">http:\/\/ciencia.sanjuan.gob.ar\/<\/a><\/p>\n<p>&nbsp;<\/p>\n<p>&nbsp;<\/p>\n","protected":false},"excerpt":{"rendered":"<p>El Gobierno de San Juan a trav\u00e9s de la Secretar\u00eda de Estado de Ciencia, Tecnolog\u00eda e Innovaci\u00f3n &#8211; SECITI -,<\/p>\n","protected":false},"author":3,"featured_media":17563,"comment_status":"closed","ping_status":"closed","sticky":false,"template":"","format":"video","meta":{"_acf_changed":false,"_seopress_robots_primary_cat":"","_seopress_titles_title":"","_seopress_titles_desc":"","_seopress_robots_index":"","colormag_page_container_layout":"default_layout","colormag_page_sidebar_layout":"default_layout","footnotes":""},"categories":[2,7],"tags":[],"class_list":["post-17442","post","type-post","status-publish","format-video","has-post-thumbnail","hentry","category-convocatorias","category-videos","post_format-post-format-video"],"acf":[],"_links":{"self":[{"href":"https:\/\/vocesparalelas.com.ar\/sitio\/wp-json\/wp\/v2\/posts\/17442","targetHints":{"allow":["GET"]}}],"collection":[{"href":"https:\/\/vocesparalelas.com.ar\/sitio\/wp-json\/wp\/v2\/posts"}],"about":[{"href":"https:\/\/vocesparalelas.com.ar\/sitio\/wp-json\/wp\/v2\/types\/post"}],"author":[{"embeddable":true,"href":"https:\/\/vocesparalelas.com.ar\/sitio\/wp-json\/wp\/v2\/users\/3"}],"replies":[{"embeddable":true,"href":"https:\/\/vocesparalelas.com.ar\/sitio\/wp-json\/wp\/v2\/comments?post=17442"}],"version-history":[{"count":0,"href":"https:\/\/vocesparalelas.com.ar\/sitio\/wp-json\/wp\/v2\/posts\/17442\/revisions"}],"wp:featuredmedia":[{"embeddable":true,"href":"https:\/\/vocesparalelas.com.ar\/sitio\/wp-json\/wp\/v2\/media\/17563"}],"wp:attachment":[{"href":"https:\/\/vocesparalelas.com.ar\/sitio\/wp-json\/wp\/v2\/media?parent=17442"}],"wp:term":[{"taxonomy":"category","embeddable":true,"href":"https:\/\/vocesparalelas.com.ar\/sitio\/wp-json\/wp\/v2\/categories?post=17442"},{"taxonomy":"post_tag","embeddable":true,"href":"https:\/\/vocesparalelas.com.ar\/sitio\/wp-json\/wp\/v2\/tags?post=17442"}],"curies":[{"name":"wp","href":"https:\/\/api.w.org\/{rel}","templated":true}]}}