{"id":16741,"date":"2018-11-06T00:51:14","date_gmt":"2018-11-06T03:51:14","guid":{"rendered":"http:\/\/vocesparalelas.com.ar\/sitio\/?p=16741"},"modified":"2018-11-11T22:51:53","modified_gmt":"2018-11-12T01:51:53","slug":"presentan-la-exposicion-el-arte-por-el-arte","status":"publish","type":"post","link":"https:\/\/vocesparalelas.com.ar\/sitio\/presentan-la-exposicion-el-arte-por-el-arte\/","title":{"rendered":"Presentan la exposici\u00f3n \u201cEl arte por el arte\u201d"},"content":{"rendered":"<div class=\"itemFullText jbintrotext\">\n<p>El vicegobernador de San Juan, Dr. Marcelo Lima, invita a la comunidad sanjuanina a participar de la presentaci\u00f3n de la exposici\u00f3n \u201cEl arte por el arte\u201d, de autor\u00eda del colectivo \u201cArtistas Contempor\u00e1neos Emergentes\u201d, formado por Mar\u00eda Rosa Plana, Teresita Chiconi de Menegazzo y Patricia Nicol\u00eda Flores, el Viernes, 9 de Noviembre, a las 20.30 horas, en el Caf\u00e9 Literario de la Biblioteca \u00abSarmiento Legislador\u00bb de la C\u00e1mara de Diputados.<\/p>\n<p>Acompa\u00f1a en la ocasi\u00f3n, el m\u00fasico Ricardo S\u00e1nchez Quiroga.<\/p>\n<\/div>\n<div class=\"itemFullText\">\n<p>Cabe se\u00f1alar que la presencia de fibras, tejidos y pintura ha sido adoptada por estas artistas creativas como medio de expresi\u00f3n para impactar y aportar a sus obras una visi\u00f3n innovadora y singular. El objetivo de esta muestra es dar visibilidad al arte textil en di\u00e1logo con la pintura contempor\u00e1nea, en un entorno que presenta una gran tradici\u00f3n textil.<\/p>\n<p>Las obras art\u00edsticas puede visitarse de Lunes a Viernes, de 7.30 a 20 hs.; hasta el 29 de Noviembre.<\/p>\n<\/div>\n<p>&nbsp;<\/p>\n<p><img loading=\"lazy\" decoding=\"async\" class=\"alignnone size-full wp-image-16742\" src=\"https:\/\/vocesparalelas.com.ar\/sitio\/wp-content\/uploads\/2018\/11\/CAMARA-EXPO.jpg\" alt=\"\" width=\"1000\" height=\"549\" \/><\/p>\n<p>&nbsp;<\/p>\n<p>&nbsp;<\/p>\n<p>&nbsp;<\/p>\n<p>&nbsp;<\/p>\n","protected":false},"excerpt":{"rendered":"<p>El vicegobernador de San Juan, Dr. Marcelo Lima, invita a la comunidad sanjuanina a participar de la presentaci\u00f3n de la<\/p>\n","protected":false},"author":3,"featured_media":3451,"comment_status":"closed","ping_status":"closed","sticky":false,"template":"","format":"standard","meta":{"_acf_changed":false,"_seopress_robots_primary_cat":"","_seopress_titles_title":"","_seopress_titles_desc":"","_seopress_robots_index":"","colormag_page_container_layout":"default_layout","colormag_page_sidebar_layout":"default_layout","footnotes":""},"categories":[1],"tags":[],"class_list":["post-16741","post","type-post","status-publish","format-standard","has-post-thumbnail","hentry","category-destacadas"],"acf":[],"_links":{"self":[{"href":"https:\/\/vocesparalelas.com.ar\/sitio\/wp-json\/wp\/v2\/posts\/16741","targetHints":{"allow":["GET"]}}],"collection":[{"href":"https:\/\/vocesparalelas.com.ar\/sitio\/wp-json\/wp\/v2\/posts"}],"about":[{"href":"https:\/\/vocesparalelas.com.ar\/sitio\/wp-json\/wp\/v2\/types\/post"}],"author":[{"embeddable":true,"href":"https:\/\/vocesparalelas.com.ar\/sitio\/wp-json\/wp\/v2\/users\/3"}],"replies":[{"embeddable":true,"href":"https:\/\/vocesparalelas.com.ar\/sitio\/wp-json\/wp\/v2\/comments?post=16741"}],"version-history":[{"count":0,"href":"https:\/\/vocesparalelas.com.ar\/sitio\/wp-json\/wp\/v2\/posts\/16741\/revisions"}],"wp:featuredmedia":[{"embeddable":true,"href":"https:\/\/vocesparalelas.com.ar\/sitio\/wp-json\/wp\/v2\/media\/3451"}],"wp:attachment":[{"href":"https:\/\/vocesparalelas.com.ar\/sitio\/wp-json\/wp\/v2\/media?parent=16741"}],"wp:term":[{"taxonomy":"category","embeddable":true,"href":"https:\/\/vocesparalelas.com.ar\/sitio\/wp-json\/wp\/v2\/categories?post=16741"},{"taxonomy":"post_tag","embeddable":true,"href":"https:\/\/vocesparalelas.com.ar\/sitio\/wp-json\/wp\/v2\/tags?post=16741"}],"curies":[{"name":"wp","href":"https:\/\/api.w.org\/{rel}","templated":true}]}}