{"id":16626,"date":"2018-11-06T16:41:40","date_gmt":"2018-11-06T19:41:40","guid":{"rendered":"http:\/\/vocesparalelas.com.ar\/sitio\/?p=16626"},"modified":"2018-11-07T22:59:33","modified_gmt":"2018-11-08T01:59:33","slug":"workshop-de-posgrado-diseno-socialmente-responsable","status":"publish","type":"post","link":"https:\/\/vocesparalelas.com.ar\/sitio\/workshop-de-posgrado-diseno-socialmente-responsable\/","title":{"rendered":"Workshop de posgrado: \u201cDise\u00f1o Socialmente Responsable\u201d"},"content":{"rendered":"<p>El 21, 22 y 23 de Noviembre, se realiza el Workshop \u201cDise\u00f1o Socialmente Responsable\u201d, a cargo de la\u00a0 Dra. Arq. In\u00e9s Tonelli y Mgtr. Arq. Marcela C\u00e9spedes.<\/p>\n<p>Est\u00e1 destinado a Dise\u00f1adores, Arquitectos, Ingenieros y Alumnos Avanzados de Grado de la UNSJ.<\/p>\n<p><span style=\"color: #008000\"><strong>Horario<\/strong><\/span><\/p>\n<p>De 09:00a 13:00 y de 16:00 a 20:00 hs.<\/p>\n<p><span style=\"color: #008000\"><strong>Carga Horaria<\/strong><\/span><\/p>\n<p>45 hs.<\/p>\n<p><span style=\"color: #008000\"><strong>Objetivos<\/strong><\/span><\/p>\n<p><span style=\"color: #008000\"><strong>Objetivos Generales.<\/strong>\u00a0<\/span>Alcanzar una formaci\u00f3n integral, a trav\u00e9s de la interrelaci\u00f3n de los conocimientos cient\u00edficos, t\u00e9cnicos, est\u00e9ticos, psicol\u00f3gicos, motivacionales, \u00e9ticos, filos\u00f3ficos y legales, identificando y reflexionando sobre los diferentes criterios y factores que intervienen en el dise\u00f1o socialmente responsable e innovador como\u00a0 resultante de la cultura que lo produce\u00a0 y del contexto del cual emerge, desarrollando a su vez, un pensamiento cr\u00edtico-reflexivo\u00a0 que le permita\u00a0 abordar\u00a0 la profesi\u00f3n de Dise\u00f1ador con una actitud \u00e9tica, propositiva y responsable, acordes\u00a0 a las demandas actuales.<\/p>\n<p><strong><span style=\"color: #008000\">Objetivos Particulares:<\/span><\/strong><\/p>\n<ul>\n<li>Identificar y reflexionar sobre los diferentes criterios y factores que intervienen en los aspectos identitarios de una sociedad y vincularlos a la disciplina del Dise\u00f1o Socialmente Responsable<\/li>\n<li>Conocer c\u00f3mo contribuye la innovaci\u00f3n al dise\u00f1o manejando conceptos relativos a las tendencias futuras sobre el tema y las oportunidades y desaf\u00edos que \u00e9stas representan con el ejercicio de la profesi\u00f3n.<\/li>\n<li>Fomentar una actitud din\u00e1mica, \u00e9tica y cr\u00edtico &#8211; reflexiva a trav\u00e9s de la incorporaci\u00f3n de la Metodolog\u00eda de WORKSHOP como punto de partida para la colaboraci\u00f3n, comunicaci\u00f3n y trabajo en equipo hacia el logro de los objetivos con responsabilidad y calidad.<\/li>\n<\/ul>\n<p><strong><span style=\"color: #008000\">Contenidos<\/span><\/strong><\/p>\n<p>\u00bfQu\u00e9 entendemos por dise\u00f1o socialmente responsable? Conocer sus alcances y campos de acci\u00f3n \/\u00a0&#8211; Estudio de la autorepresentaci\u00f3n social en general, grupal e individual, definiendo c\u00f3mo se generan, c\u00f3mo la impacta en el dise\u00f1o y los efectos que produce en el imaginario social y por consiguiente en la representaci\u00f3n que la sociedad tiene de ella misma \/\u00a0Comunicaci\u00f3n y Cultura. Tiempo y espacio como constitutivos de los sistemas sociales \/\u00a0&#8211; Reflexividad, conciencia discursiva y conciencia pr\u00e1ctica \/\u00a0Innovaci\u00f3n aplicada.<\/p>\n<p><span style=\"color: #008000\"><strong>Metodolog\u00eda de trabajo<\/strong><\/span><\/p>\n<p>Se plantea el\u00a0<strong>workshop<\/strong>como un taller creativo basado en la combinaci\u00f3n de aspectos conceptuales y ejercicios pr\u00e1cticos, realizado en un breve periodo de tiempo y que requiere de una dedicaci\u00f3n plena. Permite al alumno descubrir nuevas metodolog\u00edas, fortalecer din\u00e1micas de trabajo en equipo e incentivar la visi\u00f3n multidisciplinar, a partir de t\u00e9cnicas espec\u00edficas que potencian las diferentes aptitudes creativas de los estudiantes.\u00a0Se propone el desarrollo del mismo a trav\u00e9s de 2(dos) instancias:<\/p>\n<ul>\n<li>Una primera de car\u00e1cter grupal, en la cual se realizan actividades de investigaci\u00f3n, diagn\u00f3stico y evaluaci\u00f3n de la problem\u00e1tica a abordar, donde el trabajo en equipo y la interdisciplinariedad de los miembros son factor determinante en la propuesta que surja para desarrollarla en la etapa propositiva.<\/li>\n<li>Una segunda instancia de car\u00e1cter netamente individual, donde cada alumno tomar\u00e1 la propuesta a resolver o necesidad surgida de la primera instancia y la desarrollar\u00e1 \u00edntegramente, aplicando los conocimientos o fortalezas adquiridas.<\/li>\n<\/ul>\n<p><span style=\"color: #008000\"><strong>Aranceles<\/strong><\/span><\/p>\n<ul>\n<li>Profesionales en gral. $1.600,<\/li>\n<li>Docentes e Investigadores UNSJ: $1.200<\/li>\n<li>Egresados FAUD, inscriptos Centro de Egresados: $1.200<\/li>\n<li>Estudiantes UNSJ: $600<\/li>\n<\/ul>\n<p><span style=\"color: #008000\"><strong>Informes<\/strong><\/span><\/p>\n<p>Departamento de Estudios de Posgrado FAUD &#8211; Tel. 4232395 &#8211; Int. 319<\/p>\n<p><a href=\"mailto:posgrado@faud.unsj.edu.ar\">posgrado@faud.unsj.edu.ar<\/a><\/p>\n<p>&nbsp;<\/p>\n<p>&nbsp;<\/p>\n<p>&nbsp;<\/p>\n<p>&nbsp;<\/p>\n","protected":false},"excerpt":{"rendered":"<p>El 21, 22 y 23 de Noviembre, se realiza el Workshop \u201cDise\u00f1o Socialmente Responsable\u201d, a cargo de la\u00a0 Dra. Arq.<\/p>\n","protected":false},"author":3,"featured_media":16627,"comment_status":"closed","ping_status":"closed","sticky":false,"template":"","format":"standard","meta":{"_acf_changed":false,"_seopress_robots_primary_cat":"","_seopress_titles_title":"","_seopress_titles_desc":"","_seopress_robots_index":"","colormag_page_container_layout":"default_layout","colormag_page_sidebar_layout":"default_layout","footnotes":""},"categories":[15],"tags":[],"class_list":["post-16626","post","type-post","status-publish","format-standard","has-post-thumbnail","hentry","category-posgrados"],"acf":[],"_links":{"self":[{"href":"https:\/\/vocesparalelas.com.ar\/sitio\/wp-json\/wp\/v2\/posts\/16626","targetHints":{"allow":["GET"]}}],"collection":[{"href":"https:\/\/vocesparalelas.com.ar\/sitio\/wp-json\/wp\/v2\/posts"}],"about":[{"href":"https:\/\/vocesparalelas.com.ar\/sitio\/wp-json\/wp\/v2\/types\/post"}],"author":[{"embeddable":true,"href":"https:\/\/vocesparalelas.com.ar\/sitio\/wp-json\/wp\/v2\/users\/3"}],"replies":[{"embeddable":true,"href":"https:\/\/vocesparalelas.com.ar\/sitio\/wp-json\/wp\/v2\/comments?post=16626"}],"version-history":[{"count":0,"href":"https:\/\/vocesparalelas.com.ar\/sitio\/wp-json\/wp\/v2\/posts\/16626\/revisions"}],"wp:featuredmedia":[{"embeddable":true,"href":"https:\/\/vocesparalelas.com.ar\/sitio\/wp-json\/wp\/v2\/media\/16627"}],"wp:attachment":[{"href":"https:\/\/vocesparalelas.com.ar\/sitio\/wp-json\/wp\/v2\/media?parent=16626"}],"wp:term":[{"taxonomy":"category","embeddable":true,"href":"https:\/\/vocesparalelas.com.ar\/sitio\/wp-json\/wp\/v2\/categories?post=16626"},{"taxonomy":"post_tag","embeddable":true,"href":"https:\/\/vocesparalelas.com.ar\/sitio\/wp-json\/wp\/v2\/tags?post=16626"}],"curies":[{"name":"wp","href":"https:\/\/api.w.org\/{rel}","templated":true}]}}