{"id":16621,"date":"2018-11-04T15:50:31","date_gmt":"2018-11-04T18:50:31","guid":{"rendered":"http:\/\/vocesparalelas.com.ar\/sitio\/?p=16621"},"modified":"2018-11-07T23:41:55","modified_gmt":"2018-11-08T02:41:55","slug":"rivadavia-cuida-tu-salud","status":"publish","type":"post","link":"https:\/\/vocesparalelas.com.ar\/sitio\/rivadavia-cuida-tu-salud\/","title":{"rendered":"Rivadavia cuida tu salud"},"content":{"rendered":"<p><img loading=\"lazy\" decoding=\"async\" class=\"alignnone size-full wp-image-16622\" src=\"https:\/\/vocesparalelas.com.ar\/sitio\/wp-content\/uploads\/2018\/11\/RIVADAVIA-SALUD.jpg\" alt=\"\" width=\"875\" height=\"625\" \/><\/p>\n<p>Este Programa de Prevenci\u00f3n y Atenci\u00f3n M\u00e9dica significa el control primario de la salud para beneficiar a la poblaci\u00f3n y que se desarrollan todos los Mi\u00e9rcoles, en distintos espacios del Departamento de Rivadavia.<\/p>\n<p>En esta oportunidad se transforma en un operativo integral, con controles odontol\u00f3gicos y Vacunaci\u00f3n.<\/p>\n<p>Adem\u00e1s, se suma la vigilancia y desinsectaci\u00f3n de la poblaci\u00f3n y de la vivienda para prevenir Chagas, enfermedad que transmiten las vinchucas.<\/p>\n<p>Tambi\u00e9n, se aplica el Programa de Tenencia responsable de mascotas, con vacunaci\u00f3n antirr\u00e1bica y desparasitaci\u00f3n para gatos y perros.<\/p>\n<p>Se cuenta la presencia del peluquero para ayudar a la econom\u00eda del hogar beneficiando a todos aquellas personas que as\u00ed lo requieran.<\/p>\n<p>Todos estas actividades son gratuitas y es importante, aprovechar la propuesta porque Rivadavia cuida tu salud.<\/p>\n<p>&nbsp;<\/p>\n<p>&nbsp;<\/p>\n<p>&nbsp;<\/p>\n","protected":false},"excerpt":{"rendered":"<p>Este Programa de Prevenci\u00f3n y Atenci\u00f3n M\u00e9dica significa el control primario de la salud para beneficiar a la poblaci\u00f3n y<\/p>\n","protected":false},"author":3,"featured_media":1367,"comment_status":"closed","ping_status":"closed","sticky":false,"template":"","format":"standard","meta":{"_acf_changed":false,"_seopress_robots_primary_cat":"","_seopress_titles_title":"","_seopress_titles_desc":"","_seopress_robots_index":"","colormag_page_container_layout":"default_layout","colormag_page_sidebar_layout":"default_layout","footnotes":""},"categories":[6],"tags":[],"class_list":["post-16621","post","type-post","status-publish","format-standard","has-post-thumbnail","hentry","category-eventos"],"acf":[],"_links":{"self":[{"href":"https:\/\/vocesparalelas.com.ar\/sitio\/wp-json\/wp\/v2\/posts\/16621","targetHints":{"allow":["GET"]}}],"collection":[{"href":"https:\/\/vocesparalelas.com.ar\/sitio\/wp-json\/wp\/v2\/posts"}],"about":[{"href":"https:\/\/vocesparalelas.com.ar\/sitio\/wp-json\/wp\/v2\/types\/post"}],"author":[{"embeddable":true,"href":"https:\/\/vocesparalelas.com.ar\/sitio\/wp-json\/wp\/v2\/users\/3"}],"replies":[{"embeddable":true,"href":"https:\/\/vocesparalelas.com.ar\/sitio\/wp-json\/wp\/v2\/comments?post=16621"}],"version-history":[{"count":0,"href":"https:\/\/vocesparalelas.com.ar\/sitio\/wp-json\/wp\/v2\/posts\/16621\/revisions"}],"wp:featuredmedia":[{"embeddable":true,"href":"https:\/\/vocesparalelas.com.ar\/sitio\/wp-json\/wp\/v2\/media\/1367"}],"wp:attachment":[{"href":"https:\/\/vocesparalelas.com.ar\/sitio\/wp-json\/wp\/v2\/media?parent=16621"}],"wp:term":[{"taxonomy":"category","embeddable":true,"href":"https:\/\/vocesparalelas.com.ar\/sitio\/wp-json\/wp\/v2\/categories?post=16621"},{"taxonomy":"post_tag","embeddable":true,"href":"https:\/\/vocesparalelas.com.ar\/sitio\/wp-json\/wp\/v2\/tags?post=16621"}],"curies":[{"name":"wp","href":"https:\/\/api.w.org\/{rel}","templated":true}]}}