{"id":16606,"date":"2018-11-05T23:05:11","date_gmt":"2018-11-06T02:05:11","guid":{"rendered":"http:\/\/vocesparalelas.com.ar\/sitio\/?p=16606"},"modified":"2018-11-07T01:36:02","modified_gmt":"2018-11-07T04:36:02","slug":"cronograma-de-finalizacion-de-ofrecimientos-para-cubrir-horas-y-o-cargos-interinos-y-o-suplentes","status":"publish","type":"post","link":"https:\/\/vocesparalelas.com.ar\/sitio\/cronograma-de-finalizacion-de-ofrecimientos-para-cubrir-horas-y-o-cargos-interinos-y-o-suplentes\/","title":{"rendered":"Cronograma de finalizaci\u00f3n de ofrecimientos para cubrir horas y\/o cargos Interinos y\/o Suplentes"},"content":{"rendered":"<p>Teniendo en cuenta la Resoluci\u00f3n N\u00b0 0282-ME-2018, Calendario Escolar Provincial, se informa el cronograma de finalizaci\u00f3n de ofrecimientos para cubrir horas y\/o cargos Interinos y\/o Suplentes, que se produzcan en los distintos Niveles y Modalidades.<\/p>\n<ul>\n<li><strong><span style=\"color: #ff00ff\">Nivel Superior:<\/span><\/strong> Hasta el d\u00eda 09 de Noviembre, pudiendo realizar el pedido de cobertura de Horas y\/o Cargos a la Oficina de Prensa y Difusi\u00f3n mediante S.I.G.E. Hasta el d\u00eda 07 de Noviembre.<\/li>\n<li><span style=\"color: #ff00ff\"><strong>Nivel Inicial, Educaci\u00f3n Especial:<\/strong><\/span> Hasta el 29 de Noviembre, pudiendo realizar el pedido de cobertura de Cargos a la Oficina de Prensa y Difusi\u00f3n hasta el d\u00eda 27 de Noviembre.<\/li>\n<li><strong><span style=\"color: #ff00ff\">Educaci\u00f3n Primaria, Primaria Para Adultos y PROPAA:<\/span><\/strong> Hasta el 06 de Diciembre, pudiendo realizar el pedido de cobertura de cargos a la Oficina de Prensa y Difusi\u00f3n mediante S.I.G.E. Hasta el d\u00eda 04 de Diciembre.<\/li>\n<li><strong><span style=\"color: #ff00ff\">Educaci\u00f3n Secundaria, CENS, Capacitacion Laboral y Centro de Formaci\u00f3n Profesional:<\/span><\/strong> Hasta el d\u00eda 30 de Noviembre, pudiendo realizar el pedido de cobertura de Horas y Cargos hasta el d\u00eda 28 de Noviembre.<\/li>\n<\/ul>\n<p>El cese de Suplentes designados en reemplazo de Docentes con DOCENCIA PASIVA TRANSITORIA concedida hasta finalizar el Ciclo Lectivo 2018, se producir\u00e1 el d\u00eda 28\/12\/2018. Caducada la situaci\u00f3n de Docencia Pasiva Transitoria los docentes se reincorporar\u00e1n a sus Establecimientos de Origen.<\/p>\n<p>Los docentes designados en suplencias cortas: Licencias M\u00e9dicas por Art. 6\u00ba e); 6\u00ba c); 6\u00ba f) 6\u00ba g) y aquellos cuyo motivo de designaci\u00f3n fuera una Licencia sin goce de haberes por Razones Particulares, cesar\u00e1n en sus funciones el d\u00eda 28\/12\/2018.<\/p>\n<p><strong><span style=\"color: #ff00ff\">Continuar\u00e1n en sus funciones quienes reemplacen a personal docente que se encuentren encuadrados en cualquiera de las siguientes situaciones:<\/span><\/strong><\/p>\n<ul>\n<li>En Docencia Pasiva Permanente o por el Ciclo Lectivo 2018-2019.<\/li>\n<li>Por Comisi\u00f3n de Servicios o figura equivalente.<\/li>\n<li>Por cambio de destino, por separaci\u00f3n del cargo, por sumario, por Presunto Abandono del Cargo, en uso de Licencia sin goce de haberes por Cargo de Mayor Jerarqu\u00eda o Mayor Imputaci\u00f3n Presupuestaria.<\/li>\n<li>Las licencias con tratamiento por ART (Accidente Laboral) hasta el ALTA que otorgue la Aseguradora de Riesgo.<\/li>\n<li>El uso de licencia m\u00e9dica y por Largo Tratamiento (Lic. Art. 6\u00ba h), hasta que Junta de Reconocimientos M\u00e9dicos otorgue el ALTA MEDICA.<\/li>\n<\/ul>\n<p><span style=\"color: #ff00ff\"><strong>Adherido al PEPA<\/strong><\/span><\/p>\n<p>La fecha de cese de los docentes designados durante el Ciclo Lectivo 2018 en Espacio de Definici\u00f3n Institucional (EDI), como as\u00ed tambi\u00e9n las horas designadas en espacios curriculares que quedaron vacantes por aplicaci\u00f3n del proceso de reubicaci\u00f3n (Interinos a Termino) establecido por las Resoluciones N\u00ba 18971-ME-2016 y N\u00b0 411-ME-18 y que no estuvieron contemplados en las estructuras curriculares aprobadas por Res. N\u00ba 13302-ME-2016, s\u00f3lo el que corresponda al ciclo lectivo 2018 (Res. N\u00b0 1190-ME-2017), el cese se producir\u00e1 el d\u00eda 28\/02\/2019.<\/p>\n<p>Los docentes que fueron designados Interinos a T\u00e9rminos conforme a las Res. N\u00b0 5965-ME-17 y 693-ME-18, y en las horas catedra que quedaron vacantes por aplicaci\u00f3n del proceso de reubicaci\u00f3n a\u00f1o 2017 y 2018 seg\u00fan las Res. N\u00b0 20710-ME-16 y 538-ME-18 por implementaci\u00f3n del Dise\u00f1o Curricular aprobado seg\u00fan Res. N\u00b0 1618-ME-18, cesaran el 28\/02\/2019.<\/p>\n<p>En todos los casos el docente suplente cesar\u00e1 en la fecha que desaparezca la causal de ausencia del docente reemplazado por los motivos anteriormente detallados.<\/p>\n<p>En el caso de Baja del docente reemplazado por Renuncia, Jubilaci\u00f3n, Fallecimiento o Cesant\u00eda, el docente suplente continuara en sus funciones debiendo iniciar luego el Cambio de situaci\u00f3n de revista.<\/p>\n<p><span style=\"color: #ff00ff\"><strong>Los tr\u00e1mites de designaciones correspondientes a todos los niveles y modalidades se recibir\u00e1n:<\/strong><\/span><\/p>\n<ul>\n<li>En las UGDAs (Unidades de Gesti\u00f3n Descentralizadas en la Provincia) hasta el d\u00eda 07\/12\/2018<\/li>\n<li>Oficina de Interinatos y Suplencias recepcionar\u00e1 la documentaci\u00f3n proveniente de las UGDAs hasta el d\u00eda 12\/12\/2018<\/li>\n<li>Los tramites de designaci\u00f3n que ingresen al circuito administrativo hasta el 12\/12\/2018 y si fueran observados por alguna oficina interviniente, podr\u00e1n reingresar al circuito hasta el d\u00eda 21\/12\/2018 por Reconocimiento de Servicios cumpliendo con los siguientes requisitos:<\/li>\n<li>Nota dirigida a la Responsable de Interinatos y Suplencias con informe circunstanciado justificando el motivo por el cual la designaci\u00f3n no se present\u00f3 en tiempo y forma.<\/li>\n<li>Certificaci\u00f3n de Servicios del periodo trabajado.<\/li>\n<\/ul>\n<p>&nbsp;<\/p>\n<p>&nbsp;<\/p>\n","protected":false},"excerpt":{"rendered":"<p>Teniendo en cuenta la Resoluci\u00f3n N\u00b0 0282-ME-2018, Calendario Escolar Provincial, se informa el cronograma de finalizaci\u00f3n de ofrecimientos para cubrir<\/p>\n","protected":false},"author":3,"featured_media":5037,"comment_status":"closed","ping_status":"closed","sticky":false,"template":"","format":"standard","meta":{"_acf_changed":false,"_seopress_robots_primary_cat":"","_seopress_titles_title":"","_seopress_titles_desc":"","_seopress_robots_index":"","colormag_page_container_layout":"default_layout","colormag_page_sidebar_layout":"default_layout","footnotes":""},"categories":[5],"tags":[],"class_list":["post-16606","post","type-post","status-publish","format-standard","has-post-thumbnail","hentry","category-ofrecimientos"],"acf":[],"_links":{"self":[{"href":"https:\/\/vocesparalelas.com.ar\/sitio\/wp-json\/wp\/v2\/posts\/16606","targetHints":{"allow":["GET"]}}],"collection":[{"href":"https:\/\/vocesparalelas.com.ar\/sitio\/wp-json\/wp\/v2\/posts"}],"about":[{"href":"https:\/\/vocesparalelas.com.ar\/sitio\/wp-json\/wp\/v2\/types\/post"}],"author":[{"embeddable":true,"href":"https:\/\/vocesparalelas.com.ar\/sitio\/wp-json\/wp\/v2\/users\/3"}],"replies":[{"embeddable":true,"href":"https:\/\/vocesparalelas.com.ar\/sitio\/wp-json\/wp\/v2\/comments?post=16606"}],"version-history":[{"count":0,"href":"https:\/\/vocesparalelas.com.ar\/sitio\/wp-json\/wp\/v2\/posts\/16606\/revisions"}],"wp:featuredmedia":[{"embeddable":true,"href":"https:\/\/vocesparalelas.com.ar\/sitio\/wp-json\/wp\/v2\/media\/5037"}],"wp:attachment":[{"href":"https:\/\/vocesparalelas.com.ar\/sitio\/wp-json\/wp\/v2\/media?parent=16606"}],"wp:term":[{"taxonomy":"category","embeddable":true,"href":"https:\/\/vocesparalelas.com.ar\/sitio\/wp-json\/wp\/v2\/categories?post=16606"},{"taxonomy":"post_tag","embeddable":true,"href":"https:\/\/vocesparalelas.com.ar\/sitio\/wp-json\/wp\/v2\/tags?post=16606"}],"curies":[{"name":"wp","href":"https:\/\/api.w.org\/{rel}","templated":true}]}}