{"id":16604,"date":"2018-11-05T22:49:43","date_gmt":"2018-11-06T01:49:43","guid":{"rendered":"http:\/\/vocesparalelas.com.ar\/sitio\/?p=16604"},"modified":"2018-11-07T01:36:26","modified_gmt":"2018-11-07T04:36:26","slug":"cronograma-de-notificacion-de-puntaje-interinatos-y-suplencias-2019","status":"publish","type":"post","link":"https:\/\/vocesparalelas.com.ar\/sitio\/cronograma-de-notificacion-de-puntaje-interinatos-y-suplencias-2019\/","title":{"rendered":"Cronograma de Notificaci\u00f3n de Puntaje &#8211; Interinatos y Suplencias 2019"},"content":{"rendered":"<p>La Junta de Clasificaci\u00f3n Docente Rama Primaria del Ministerio de educaci\u00f3n informa a los docentes: que la notificaci\u00f3n de puntaje para Interinatos y Suplencias e Ingreso a la Docencia A\u00f1o 2019, en todas sus especialidades y modalidades, comienza el d\u00eda 15 de Noviembre y se extiende hasta el 28 de Noviembre.<\/p>\n<p><strong><span style=\"color: #008000\">Cronograma<\/span><\/strong><\/p>\n<ul>\n<li>Jueves, 15 de Noviembre: A \u2013 B<\/li>\n<li>Viernes, 16 de Noviembre: C<\/li>\n<li>Martes, 20 de Noviembre: D \u2013E \u2013 F<\/li>\n<li>Mi\u00e9rcoles, 21 de Noviembre: G \u2013 H<\/li>\n<li>Jueves, 22 de Noviembre: I \u2013 J \u2013K \u2013 L<\/li>\n<li>Viernes, 23 de Noviembre: M \u2013 N \u2013 \u00d1<\/li>\n<li>Lunes, 26 de Noviembre: O \u2013 P \u2013 Q<\/li>\n<li>Martes, 27 de Noviembre: R \u2013 S<\/li>\n<li>Mi\u00e9rcoles, 28 de Noviembre: T \u2013 U \u2013V \u2013 W \u2013 X \u2013 Y \u2013 Z<\/li>\n<\/ul>\n<p>Asimismo, se comunica a los docentes que no hay d\u00edas de notificaci\u00f3n para rezagados, por lo tanto, se debe respetar el d\u00eda de notificaci\u00f3n seg\u00fan la letra que corresponda al apellido del docente. Debiendo concurrir munidos con la tirilla de inscripci\u00f3n.<\/p>\n<p>Dicha notificaci\u00f3n se realiza en el local de este Organismo T\u00e9cnico, sito en Tucum\u00e1n 75 \u2013 N \u2013 Capital, de 7:30 a 15:30 hs.<\/p>\n<p>&nbsp;<\/p>\n","protected":false},"excerpt":{"rendered":"<p>La Junta de Clasificaci\u00f3n Docente Rama Primaria del Ministerio de educaci\u00f3n informa a los docentes: que la notificaci\u00f3n de puntaje<\/p>\n","protected":false},"author":3,"featured_media":5000,"comment_status":"closed","ping_status":"closed","sticky":false,"template":"","format":"standard","meta":{"_acf_changed":false,"_seopress_robots_primary_cat":"","_seopress_titles_title":"","_seopress_titles_desc":"","_seopress_robots_index":"","colormag_page_container_layout":"default_layout","colormag_page_sidebar_layout":"default_layout","footnotes":""},"categories":[5],"tags":[],"class_list":["post-16604","post","type-post","status-publish","format-standard","has-post-thumbnail","hentry","category-ofrecimientos"],"acf":[],"_links":{"self":[{"href":"https:\/\/vocesparalelas.com.ar\/sitio\/wp-json\/wp\/v2\/posts\/16604","targetHints":{"allow":["GET"]}}],"collection":[{"href":"https:\/\/vocesparalelas.com.ar\/sitio\/wp-json\/wp\/v2\/posts"}],"about":[{"href":"https:\/\/vocesparalelas.com.ar\/sitio\/wp-json\/wp\/v2\/types\/post"}],"author":[{"embeddable":true,"href":"https:\/\/vocesparalelas.com.ar\/sitio\/wp-json\/wp\/v2\/users\/3"}],"replies":[{"embeddable":true,"href":"https:\/\/vocesparalelas.com.ar\/sitio\/wp-json\/wp\/v2\/comments?post=16604"}],"version-history":[{"count":0,"href":"https:\/\/vocesparalelas.com.ar\/sitio\/wp-json\/wp\/v2\/posts\/16604\/revisions"}],"wp:featuredmedia":[{"embeddable":true,"href":"https:\/\/vocesparalelas.com.ar\/sitio\/wp-json\/wp\/v2\/media\/5000"}],"wp:attachment":[{"href":"https:\/\/vocesparalelas.com.ar\/sitio\/wp-json\/wp\/v2\/media?parent=16604"}],"wp:term":[{"taxonomy":"category","embeddable":true,"href":"https:\/\/vocesparalelas.com.ar\/sitio\/wp-json\/wp\/v2\/categories?post=16604"},{"taxonomy":"post_tag","embeddable":true,"href":"https:\/\/vocesparalelas.com.ar\/sitio\/wp-json\/wp\/v2\/tags?post=16604"}],"curies":[{"name":"wp","href":"https:\/\/api.w.org\/{rel}","templated":true}]}}