{"id":16595,"date":"2018-11-05T21:41:43","date_gmt":"2018-11-06T00:41:43","guid":{"rendered":"http:\/\/vocesparalelas.com.ar\/sitio\/?p=16595"},"modified":"2018-11-05T21:41:43","modified_gmt":"2018-11-06T00:41:43","slug":"el-martes-6-de-noviembre-es-no-laborable-por-ser-el-dia-del-bancario-sin-atencion-al-publico-en-los-bancos","status":"publish","type":"post","link":"https:\/\/vocesparalelas.com.ar\/sitio\/el-martes-6-de-noviembre-es-no-laborable-por-ser-el-dia-del-bancario-sin-atencion-al-publico-en-los-bancos\/","title":{"rendered":"El Martes, 6 de Noviembre, es No laborable por ser el D\u00eda del Bancario, sin atenci\u00f3n al p\u00fablico en los Bancos"},"content":{"rendered":"<p>El Martes, 6 de Noviembre es nuestro d\u00eda. Un d\u00eda de reconocimiento, no laborable, a nuestro trabajo diario, que coincide con un nuevo aniversario de la constituci\u00f3n formal de nuestro sindicato.<\/p>\n<p>Quer\u00edamos que este saludo a cada bancaria, a cada bancario, a todos nuestros compa\u00f1eros, llegara con anticipaci\u00f3n.<\/p>\n<p>No fue posible. Una vez m\u00e1s, los bancos tratan de no cumplir \u00edntegramente su obligaci\u00f3n de actualizar nuestro salario tal como est\u00e1 establecido en el acuerdo paritario.<\/p>\n<p>Estamos, por ello y en estas horas, en tensas conversaciones para alcanzar soluciones adecuadas.<\/p>\n<p>Resultan imprescindibles. Es cierto que al finalizar la semana hemos percibido la importante compensaci\u00f3n alcanzada por el D\u00eda del Bancario. Pero, para la mayor\u00eda de nosotros, esta vez no servir\u00e1 para invertirla en un bien para el hogar, unas mejores vacaciones, o una sorpresa para nuestros hijos.<\/p>\n<p>El esquema econ\u00f3mico del gobierno, el brutal aumento de los precios, que crecen empujados hora por las disparadas cambiarias, hora por las astron\u00f3micas tasas de inter\u00e9s, junto a los tarifazos, nos obligan a utilizar esa compensaci\u00f3n para \u201ctapar agujeros\u201d.<\/p>\n<p>Es m\u00e1s, para much\u00edsimos casos el peso del injusto impuesto al salario termina por absorberla.<\/p>\n<p>Ni qu\u00e9 decir lo que sucede en otras actividades -no debemos ignorarlo pues repercute en la nuestra-, en las que no se registran las fabulosas ganancias -cerca de 1700 millones diarios- que hoy obtienen los bancos por la irresponsable y riesgosa operatoria de comprometer encajes en Letras de corto plazo del Banco Central.<\/p>\n<p>Es que la econom\u00eda de verdad -la productiva, la de nuestras familias, a las que el sistema financiero debiera asistir con cr\u00e9dito asequible-, a consecuencia de esta pol\u00edtica econ\u00f3mica, est\u00e1 en recesi\u00f3n, se ahoga, se destruyen fuentes de empleo.<\/p>\n<p>Esto mismo indica que nuestra actividad, que ya registra el crecimiento de los cheques rechazados y el estr\u00e9s de las cadenas de pago, est\u00e1 entrando en zona de riesgo.<\/p>\n<p>Este riesgo se acent\u00faa para la Banca P\u00fablica, a la que se descapitaliza para asistir al Gobierno en la aventura de un endeudamiento fenomenal.<\/p>\n<p>Nuestro compromiso es defender y mejorar los derechos de nuestros compa\u00f1eros, alcanzar una vida digna para nuestras familias, lograr que nuestro trabajo sea \u00fatil a la sociedad que integramos, realizarnos en una sociedad m\u00e1s justa.<\/p>\n<p>Hoy lo renovamos, se\u00f1alando lo obvio, para ello:<\/p>\n<ul>\n<li>la pol\u00edtica econ\u00f3mica debe cambiar;<\/li>\n<li>tambi\u00e9n debe cambiar la conducta de las patronales bancarias que, en general, niegan considerar cuestiones relativas a la organizaci\u00f3n y condiciones del trabajo bancario que devienen de avances tecnol\u00f3gicos o del fraude de las tercerizaciones. O, temerariamente, niegan actuar de com\u00fan acuerdo frente a la desregulaci\u00f3n extrema de la actividad financiera que coloca en riesgo a muchas entidades, e impacta directamente sobre el empleo y los derechos de los usuarios.<\/li>\n<\/ul>\n<p>Estamos en una situaci\u00f3n de grave conflicto generado por un gobierno que dijo venir para mantener lo que estaba bien y corregir lo que estaba mal. En los hechos, est\u00e1 destruyendo lo que estaba bien y empeorando lo que estaba mal: as\u00ed ataca nuestros derechos y salarios, nuestras jubilaciones, nuestras fuentes de trabajo.<\/p>\n<p>Por ese reclamo de que la pol\u00edtica econ\u00f3mica y social cambie, hemos actuado y movilizado junto con muchas organizaciones sindicales, con mensaje que reson\u00f3 con claridad el \u00faltimo 20 de octubre en Luj\u00e1n: Paz, Pan y Trabajo.<\/p>\n<p>Es \u00e9se el camino -donde apelamos al sentido de unidad que caracteriza a los trabajadores bancarios- que permiti\u00f3 y permite importantes logros.<\/p>\n<p>No es tiempo de tibiezas ni de resignaciones. Este tiempo dif\u00edcil ha de afrontarse con inteligencia, y si es necesario con lucha, como lo estamos haciendo.<\/p>\n<p>Que nadie se equivoque. Los bancarios sostenemos y vamos a sostener nuestros derechos desde la coherencia de nuestra historia y desde la convicci\u00f3n de nuestros principios.<\/p>\n<p style=\"text-align: center\">El mejor y merecido D\u00cdA para cada Bancaria y cada Bancario!<\/p>\n<p style=\"text-align: right\">Noviembre 4 de 2018<\/p>\n<p>SECRETARIADO GENERAL NACIONAL DE LA ASOCIACI\u00d3N BANCARIA<\/p>\n<p>Sergio Palazzo,\u00a0Secretario General<\/p>\n<p>Andr\u00e9s Castillo, Anal\u00eda Lungo, Carlos Cisneros, Patricia Rinaldi, Pablo Regnier, Victoria Capoccetti, Carlos Irrera, Walter Rey,\u00a0Mariel Iglesias, Gustavo D\u00edaz, Enrique Ram\u00edrez, Cristian Stratico, Francisco Muratore, Jos\u00e9 Giorgetti, Juan Pallo, Mat\u00edas Lay\u00fas,Gabriel Dipierri,\u00a0Carlos Ferrari, Rosa Sorsaburu, Claudia Ormachea, Cristina Maino, Eduardo Berrozpe<\/p>\n<p>&nbsp;<\/p>\n<p>&nbsp;<\/p>\n<p>&nbsp;<\/p>\n","protected":false},"excerpt":{"rendered":"<p>El Martes, 6 de Noviembre es nuestro d\u00eda. Un d\u00eda de reconocimiento, no laborable, a nuestro trabajo diario, que coincide<\/p>\n","protected":false},"author":3,"featured_media":16598,"comment_status":"closed","ping_status":"closed","sticky":false,"template":"","format":"standard","meta":{"_acf_changed":false,"_seopress_robots_primary_cat":"","_seopress_titles_title":"","_seopress_titles_desc":"","_seopress_robots_index":"","colormag_page_container_layout":"default_layout","colormag_page_sidebar_layout":"default_layout","footnotes":""},"categories":[1],"tags":[],"class_list":["post-16595","post","type-post","status-publish","format-standard","has-post-thumbnail","hentry","category-destacadas"],"acf":[],"_links":{"self":[{"href":"https:\/\/vocesparalelas.com.ar\/sitio\/wp-json\/wp\/v2\/posts\/16595","targetHints":{"allow":["GET"]}}],"collection":[{"href":"https:\/\/vocesparalelas.com.ar\/sitio\/wp-json\/wp\/v2\/posts"}],"about":[{"href":"https:\/\/vocesparalelas.com.ar\/sitio\/wp-json\/wp\/v2\/types\/post"}],"author":[{"embeddable":true,"href":"https:\/\/vocesparalelas.com.ar\/sitio\/wp-json\/wp\/v2\/users\/3"}],"replies":[{"embeddable":true,"href":"https:\/\/vocesparalelas.com.ar\/sitio\/wp-json\/wp\/v2\/comments?post=16595"}],"version-history":[{"count":0,"href":"https:\/\/vocesparalelas.com.ar\/sitio\/wp-json\/wp\/v2\/posts\/16595\/revisions"}],"wp:featuredmedia":[{"embeddable":true,"href":"https:\/\/vocesparalelas.com.ar\/sitio\/wp-json\/wp\/v2\/media\/16598"}],"wp:attachment":[{"href":"https:\/\/vocesparalelas.com.ar\/sitio\/wp-json\/wp\/v2\/media?parent=16595"}],"wp:term":[{"taxonomy":"category","embeddable":true,"href":"https:\/\/vocesparalelas.com.ar\/sitio\/wp-json\/wp\/v2\/categories?post=16595"},{"taxonomy":"post_tag","embeddable":true,"href":"https:\/\/vocesparalelas.com.ar\/sitio\/wp-json\/wp\/v2\/tags?post=16595"}],"curies":[{"name":"wp","href":"https:\/\/api.w.org\/{rel}","templated":true}]}}