{"id":13644,"date":"2018-07-20T20:29:40","date_gmt":"2018-07-20T23:29:40","guid":{"rendered":"http:\/\/vocesparalelas.com.ar\/sitio\/?p=13644"},"modified":"2018-07-24T22:49:34","modified_gmt":"2018-07-25T01:49:34","slug":"jornada-de-lanzamiento-del-programa-comunidades-con-valor","status":"publish","type":"post","link":"https:\/\/vocesparalelas.com.ar\/sitio\/jornada-de-lanzamiento-del-programa-comunidades-con-valor\/","title":{"rendered":"Jornada de Lanzamiento del Programa \u201cComunidades con Valor\u201d"},"content":{"rendered":"<p>La Municipalidad de Rivadavia invita a todos los emprendedores a participar de la jornada de lanzamiento del Programa \u201cComunidades con Valor\u201d, el Martes, 24 de Julio, a las 12 hs.; en el Auditorio del Teatro del Bicentenario.<\/p>\n<p>El encuentro estar\u00e1 liderado por Jorge Lawson, Presidente de Fundaci\u00f3n Empretec y Director del Banco de la Naci\u00f3n Argentina, quien diserta sobre la importancia del emprendedorismo para el desarrollo local y regional.<\/p>\n<p>Informe e inscripci\u00f3n en:<\/p>\n<p><a href=\"https:\/\/www.eventbrite.es\/e\/entradas-lanzamiento-del-programa-comunidades-con-valor-en-san-juan-48150006967\">https:\/\/www.eventbrite.es\/e\/entradas-lanzamiento-del-programa-comunidades-con-valor-en-san-juan-48150006967<\/a><\/p>\n<p>&nbsp;<\/p>\n<p>&nbsp;<\/p>\n<p>&nbsp;<\/p>\n","protected":false},"excerpt":{"rendered":"<p>La Municipalidad de Rivadavia invita a todos los emprendedores a participar de la jornada de lanzamiento del Programa \u201cComunidades con<\/p>\n","protected":false},"author":3,"featured_media":0,"comment_status":"closed","ping_status":"closed","sticky":false,"template":"","format":"standard","meta":{"_acf_changed":false,"_seopress_robots_primary_cat":"","_seopress_titles_title":"","_seopress_titles_desc":"","_seopress_robots_index":"","colormag_page_container_layout":"default_layout","colormag_page_sidebar_layout":"default_layout","footnotes":""},"categories":[1],"tags":[],"class_list":["post-13644","post","type-post","status-publish","format-standard","hentry","category-destacadas"],"acf":[],"_links":{"self":[{"href":"https:\/\/vocesparalelas.com.ar\/sitio\/wp-json\/wp\/v2\/posts\/13644","targetHints":{"allow":["GET"]}}],"collection":[{"href":"https:\/\/vocesparalelas.com.ar\/sitio\/wp-json\/wp\/v2\/posts"}],"about":[{"href":"https:\/\/vocesparalelas.com.ar\/sitio\/wp-json\/wp\/v2\/types\/post"}],"author":[{"embeddable":true,"href":"https:\/\/vocesparalelas.com.ar\/sitio\/wp-json\/wp\/v2\/users\/3"}],"replies":[{"embeddable":true,"href":"https:\/\/vocesparalelas.com.ar\/sitio\/wp-json\/wp\/v2\/comments?post=13644"}],"version-history":[{"count":0,"href":"https:\/\/vocesparalelas.com.ar\/sitio\/wp-json\/wp\/v2\/posts\/13644\/revisions"}],"wp:attachment":[{"href":"https:\/\/vocesparalelas.com.ar\/sitio\/wp-json\/wp\/v2\/media?parent=13644"}],"wp:term":[{"taxonomy":"category","embeddable":true,"href":"https:\/\/vocesparalelas.com.ar\/sitio\/wp-json\/wp\/v2\/categories?post=13644"},{"taxonomy":"post_tag","embeddable":true,"href":"https:\/\/vocesparalelas.com.ar\/sitio\/wp-json\/wp\/v2\/tags?post=13644"}],"curies":[{"name":"wp","href":"https:\/\/api.w.org\/{rel}","templated":true}]}}