{"id":13605,"date":"2018-07-20T00:51:54","date_gmt":"2018-07-20T03:51:54","guid":{"rendered":"http:\/\/vocesparalelas.com.ar\/sitio\/?p=13605"},"modified":"2018-07-20T00:51:54","modified_gmt":"2018-07-20T03:51:54","slug":"curso-enfermeria-pediatrica-y-neonatal-en-el-marco-de-los-mil-dias","status":"publish","type":"post","link":"https:\/\/vocesparalelas.com.ar\/sitio\/curso-enfermeria-pediatrica-y-neonatal-en-el-marco-de-los-mil-dias\/","title":{"rendered":"Curso Enfermer\u00eda Pedi\u00e1trica y Neonatal en el marco de los Mil D\u00edas"},"content":{"rendered":"<p>En el Sal\u00f3n de Conferencia de la Obra Social Provincia, se realiz\u00f3 el Curso a distancia Formaci\u00f3n en Enfermer\u00eda Pedi\u00e1trica y Neonatal en el marco del Programa Provincial Mis Primeros 1000 d\u00edas y la Fundaci\u00f3n Garrahan.<\/p>\n<p>El mismo estuvo a cargo de la Coordinadora en Capacitaci\u00f3n, Lic. Adriana Monachesi y con la disertante Lic. M\u00f3nica Ponceta, ambas de la Fundaci\u00f3n Garrahan.<\/p>\n<figure id=\"attachment_13606\" aria-describedby=\"caption-attachment-13606\" style=\"width: 1000px\" class=\"wp-caption alignnone\"><img loading=\"lazy\" decoding=\"async\" class=\"size-full wp-image-13606\" src=\"https:\/\/vocesparalelas.com.ar\/sitio\/wp-content\/uploads\/2018\/07\/OSP-CAPACITACION-01.jpg\" alt=\"\" width=\"1000\" height=\"667\" srcset=\"https:\/\/vocesparalelas.com.ar\/sitio\/wp-content\/uploads\/2018\/07\/OSP-CAPACITACION-01.jpg 1000w, https:\/\/vocesparalelas.com.ar\/sitio\/wp-content\/uploads\/2018\/07\/OSP-CAPACITACION-01-300x200.jpg 300w, https:\/\/vocesparalelas.com.ar\/sitio\/wp-content\/uploads\/2018\/07\/OSP-CAPACITACION-01-768x512.jpg 768w, https:\/\/vocesparalelas.com.ar\/sitio\/wp-content\/uploads\/2018\/07\/OSP-CAPACITACION-01-800x534.jpg 800w\" sizes=\"auto, (max-width: 1000px) 100vw, 1000px\" \/><figcaption id=\"caption-attachment-13606\" class=\"wp-caption-text\">Disertante de la Fundaci\u00f3n Garrahan, Lic.M\u00f3nica Ponceta<\/figcaption><\/figure>\n<p>Por ello, Voces Paralelas entrevist\u00f3 a la Coordinadora en Capacitaci\u00f3n, Lic. Adriana Monachesi, la importancia que el Gobierno de San Juan le da a las capacitaciones dentro del Programa Provincial Mis Primeros 1000 d\u00edas, especialmente para el personal de la salud de zonas alejadas.<\/p>\n<p><iframe loading=\"lazy\" width=\"800\" height=\"450\" src=\"https:\/\/www.youtube.com\/embed\/3KujPS0zmAg?feature=oembed\" frameborder=\"0\" allow=\"autoplay; encrypted-media\" allowfullscreen><\/iframe><\/p>\n<p><img loading=\"lazy\" decoding=\"async\" class=\"alignnone size-full wp-image-13607\" src=\"https:\/\/vocesparalelas.com.ar\/sitio\/wp-content\/uploads\/2018\/07\/OSP-CAPACITACION-02.jpg\" alt=\"\" width=\"1000\" height=\"667\" srcset=\"https:\/\/vocesparalelas.com.ar\/sitio\/wp-content\/uploads\/2018\/07\/OSP-CAPACITACION-02.jpg 1000w, https:\/\/vocesparalelas.com.ar\/sitio\/wp-content\/uploads\/2018\/07\/OSP-CAPACITACION-02-300x200.jpg 300w, https:\/\/vocesparalelas.com.ar\/sitio\/wp-content\/uploads\/2018\/07\/OSP-CAPACITACION-02-768x512.jpg 768w, https:\/\/vocesparalelas.com.ar\/sitio\/wp-content\/uploads\/2018\/07\/OSP-CAPACITACION-02-800x534.jpg 800w\" sizes=\"auto, (max-width: 1000px) 100vw, 1000px\" \/><\/p>\n<p>&nbsp;<\/p>\n<p>&nbsp;<\/p>\n<p>&nbsp;<\/p>\n<p>&nbsp;<\/p>\n<p>&nbsp;<\/p>\n<p>&nbsp;<\/p>\n","protected":false},"excerpt":{"rendered":"<p>En el Sal\u00f3n de Conferencia de la Obra Social Provincia, se realiz\u00f3 el Curso a distancia Formaci\u00f3n en Enfermer\u00eda Pedi\u00e1trica<\/p>\n","protected":false},"author":3,"featured_media":13608,"comment_status":"closed","ping_status":"closed","sticky":false,"template":"","format":"video","meta":{"_acf_changed":false,"_seopress_robots_primary_cat":"","_seopress_titles_title":"","_seopress_titles_desc":"","_seopress_robots_index":"","colormag_page_container_layout":"default_layout","colormag_page_sidebar_layout":"default_layout","footnotes":""},"categories":[1,7],"tags":[],"class_list":["post-13605","post","type-post","status-publish","format-video","has-post-thumbnail","hentry","category-destacadas","category-videos","post_format-post-format-video"],"acf":[],"_links":{"self":[{"href":"https:\/\/vocesparalelas.com.ar\/sitio\/wp-json\/wp\/v2\/posts\/13605","targetHints":{"allow":["GET"]}}],"collection":[{"href":"https:\/\/vocesparalelas.com.ar\/sitio\/wp-json\/wp\/v2\/posts"}],"about":[{"href":"https:\/\/vocesparalelas.com.ar\/sitio\/wp-json\/wp\/v2\/types\/post"}],"author":[{"embeddable":true,"href":"https:\/\/vocesparalelas.com.ar\/sitio\/wp-json\/wp\/v2\/users\/3"}],"replies":[{"embeddable":true,"href":"https:\/\/vocesparalelas.com.ar\/sitio\/wp-json\/wp\/v2\/comments?post=13605"}],"version-history":[{"count":0,"href":"https:\/\/vocesparalelas.com.ar\/sitio\/wp-json\/wp\/v2\/posts\/13605\/revisions"}],"wp:featuredmedia":[{"embeddable":true,"href":"https:\/\/vocesparalelas.com.ar\/sitio\/wp-json\/wp\/v2\/media\/13608"}],"wp:attachment":[{"href":"https:\/\/vocesparalelas.com.ar\/sitio\/wp-json\/wp\/v2\/media?parent=13605"}],"wp:term":[{"taxonomy":"category","embeddable":true,"href":"https:\/\/vocesparalelas.com.ar\/sitio\/wp-json\/wp\/v2\/categories?post=13605"},{"taxonomy":"post_tag","embeddable":true,"href":"https:\/\/vocesparalelas.com.ar\/sitio\/wp-json\/wp\/v2\/tags?post=13605"}],"curies":[{"name":"wp","href":"https:\/\/api.w.org\/{rel}","templated":true}]}}