{"id":13571,"date":"2018-07-19T01:06:31","date_gmt":"2018-07-19T04:06:31","guid":{"rendered":"http:\/\/vocesparalelas.com.ar\/sitio\/?p=13571"},"modified":"2018-07-19T01:06:31","modified_gmt":"2018-07-19T04:06:31","slug":"asumio-el-asesor-letrado-de-gobierno-dr-carlos-lorenzo","status":"publish","type":"post","link":"https:\/\/vocesparalelas.com.ar\/sitio\/asumio-el-asesor-letrado-de-gobierno-dr-carlos-lorenzo\/","title":{"rendered":"Asumi\u00f3 el Asesor Letrado de Gobierno Dr. Carlos Lorenzo"},"content":{"rendered":"<p>El gobernador de San Juan, Dr. Sergio U\u00f1ac tom\u00f3 juramento al Asesor Letrado de Gobierno Dr. Carlos Lorenzo, en la Sala Colombo de Casa de Gobierno acompa\u00f1ado de familiares y amigos.<\/p>\n<p>La designaci\u00f3n responde al Decreto N\u00ba 1239 que lleva la firma del gobernador Dr. Sergio U\u00f1ac y del ministro de Gobierno, Dr. Emilio Baistrocchi y ocupa el cargo vacante que dej\u00f3 la Dra. Adriana Garc\u00eda Nieto que asumi\u00f3 como miembro de la Corte de Justicia.<\/p>\n<p>Luego, que se dio lectura al decreto de designaci\u00f3n, el primer mandatario provincial tom\u00f3 juramento al flamante asesor, que fue aplaudido por todos los presentes.<\/p>\n<p>El Dr. Carlos Lorenzo tiene el control de la legalidad administrativa y es el m\u00e1ximo asesor que tiene el Gobierno de la Provincia, con el compromiso del inter\u00e9s general por sobre cualquier otro, entendiendo por general, el inter\u00e9s de los sanjuaninos por sobre cualquier cosa.<\/p>\n<p>Seguidamente, firmaron el Libro de Actas de Asunci\u00f3n distintos funcionarios como testigo de la asunci\u00f3n.<\/p>\n<p><iframe loading=\"lazy\" width=\"800\" height=\"450\" src=\"https:\/\/www.youtube.com\/embed\/JKLFOAT5OvY?feature=oembed\" frameborder=\"0\" allow=\"autoplay; encrypted-media\" allowfullscreen><\/iframe><\/p>\n<p>&nbsp;<\/p>\n<p>&nbsp;<\/p>\n<p>&nbsp;<\/p>\n<p>&nbsp;<\/p>\n<p>&nbsp;<\/p>\n","protected":false},"excerpt":{"rendered":"<p>El gobernador de San Juan, Dr. Sergio U\u00f1ac tom\u00f3 juramento al Asesor Letrado de Gobierno Dr. Carlos Lorenzo, en la<\/p>\n","protected":false},"author":3,"featured_media":13572,"comment_status":"closed","ping_status":"closed","sticky":false,"template":"","format":"video","meta":{"_acf_changed":false,"_seopress_robots_primary_cat":"","_seopress_titles_title":"","_seopress_titles_desc":"","_seopress_robots_index":"","colormag_page_container_layout":"default_layout","colormag_page_sidebar_layout":"default_layout","footnotes":""},"categories":[1,7],"tags":[],"class_list":["post-13571","post","type-post","status-publish","format-video","has-post-thumbnail","hentry","category-destacadas","category-videos","post_format-post-format-video"],"acf":[],"_links":{"self":[{"href":"https:\/\/vocesparalelas.com.ar\/sitio\/wp-json\/wp\/v2\/posts\/13571","targetHints":{"allow":["GET"]}}],"collection":[{"href":"https:\/\/vocesparalelas.com.ar\/sitio\/wp-json\/wp\/v2\/posts"}],"about":[{"href":"https:\/\/vocesparalelas.com.ar\/sitio\/wp-json\/wp\/v2\/types\/post"}],"author":[{"embeddable":true,"href":"https:\/\/vocesparalelas.com.ar\/sitio\/wp-json\/wp\/v2\/users\/3"}],"replies":[{"embeddable":true,"href":"https:\/\/vocesparalelas.com.ar\/sitio\/wp-json\/wp\/v2\/comments?post=13571"}],"version-history":[{"count":0,"href":"https:\/\/vocesparalelas.com.ar\/sitio\/wp-json\/wp\/v2\/posts\/13571\/revisions"}],"wp:featuredmedia":[{"embeddable":true,"href":"https:\/\/vocesparalelas.com.ar\/sitio\/wp-json\/wp\/v2\/media\/13572"}],"wp:attachment":[{"href":"https:\/\/vocesparalelas.com.ar\/sitio\/wp-json\/wp\/v2\/media?parent=13571"}],"wp:term":[{"taxonomy":"category","embeddable":true,"href":"https:\/\/vocesparalelas.com.ar\/sitio\/wp-json\/wp\/v2\/categories?post=13571"},{"taxonomy":"post_tag","embeddable":true,"href":"https:\/\/vocesparalelas.com.ar\/sitio\/wp-json\/wp\/v2\/tags?post=13571"}],"curies":[{"name":"wp","href":"https:\/\/api.w.org\/{rel}","templated":true}]}}