{"id":13562,"date":"2018-07-18T19:18:59","date_gmt":"2018-07-18T22:18:59","guid":{"rendered":"http:\/\/vocesparalelas.com.ar\/sitio\/?p=13562"},"modified":"2018-07-18T19:18:59","modified_gmt":"2018-07-18T22:18:59","slug":"feria-maestra","status":"publish","type":"post","link":"https:\/\/vocesparalelas.com.ar\/sitio\/feria-maestra\/","title":{"rendered":"\u201cFeria Maestra\u201d"},"content":{"rendered":"<p>En la feria puedes encontrar dise\u00f1os de autor, productos en cer\u00e1mica, madera, indumentaria, vitrofusi\u00f3n, entre oros.<\/p>\n<p><span style=\"color: #ff0000\"><strong>\u00bfQu\u00e9 es? <\/strong><\/span><\/p>\n<p>La exposici\u00f3n de m\u00e1s de 50 dise\u00f1adores y emprendedores de San Juan, de la Facultad de Arquitectura, Urbanismo y Dise\u00f1o &#8211; FAUD -, de la Universidad Nacional de San Juan.<\/p>\n<p><span style=\"color: #ff0000\"><strong>\u00bfPor qu\u00e9 ir?<\/strong><\/span><\/p>\n<p>Porque esta feria tiene por objetivo, exhibir y difundir el trabajo que realizan artesanos y dise\u00f1adores de la provincia, resaltando y fortaleciendo con sus productos la identidad sanjuanina.<\/p>\n<p><span style=\"color: #ff0000\"><strong>\u00bfCu\u00e1ndo?<\/strong><\/span><\/p>\n<p>19, 20,26 y 27 de Julio, de 11 a 17 hs.<\/p>\n<p><span style=\"color: #ff0000\"><strong>\u00bfD\u00f3nde?<\/strong><\/span><\/p>\n<p>Peatonal \u00abMaestro de Am\u00e9rica\u00bb<\/p>\n<p><strong><span style=\"color: #ff0000\">Entrada<\/span><\/strong><\/p>\n<p>Entrada gratuita<\/p>\n","protected":false},"excerpt":{"rendered":"<p>En la feria puedes encontrar dise\u00f1os de autor, productos en cer\u00e1mica, madera, indumentaria, vitrofusi\u00f3n, entre oros. \u00bfQu\u00e9 es? La exposici\u00f3n<\/p>\n","protected":false},"author":3,"featured_media":4268,"comment_status":"closed","ping_status":"closed","sticky":false,"template":"","format":"standard","meta":{"_acf_changed":false,"_seopress_robots_primary_cat":"","_seopress_titles_title":"","_seopress_titles_desc":"","_seopress_robots_index":"","colormag_page_container_layout":"default_layout","colormag_page_sidebar_layout":"default_layout","footnotes":""},"categories":[1],"tags":[],"class_list":["post-13562","post","type-post","status-publish","format-standard","has-post-thumbnail","hentry","category-destacadas"],"acf":[],"_links":{"self":[{"href":"https:\/\/vocesparalelas.com.ar\/sitio\/wp-json\/wp\/v2\/posts\/13562","targetHints":{"allow":["GET"]}}],"collection":[{"href":"https:\/\/vocesparalelas.com.ar\/sitio\/wp-json\/wp\/v2\/posts"}],"about":[{"href":"https:\/\/vocesparalelas.com.ar\/sitio\/wp-json\/wp\/v2\/types\/post"}],"author":[{"embeddable":true,"href":"https:\/\/vocesparalelas.com.ar\/sitio\/wp-json\/wp\/v2\/users\/3"}],"replies":[{"embeddable":true,"href":"https:\/\/vocesparalelas.com.ar\/sitio\/wp-json\/wp\/v2\/comments?post=13562"}],"version-history":[{"count":0,"href":"https:\/\/vocesparalelas.com.ar\/sitio\/wp-json\/wp\/v2\/posts\/13562\/revisions"}],"wp:featuredmedia":[{"embeddable":true,"href":"https:\/\/vocesparalelas.com.ar\/sitio\/wp-json\/wp\/v2\/media\/4268"}],"wp:attachment":[{"href":"https:\/\/vocesparalelas.com.ar\/sitio\/wp-json\/wp\/v2\/media?parent=13562"}],"wp:term":[{"taxonomy":"category","embeddable":true,"href":"https:\/\/vocesparalelas.com.ar\/sitio\/wp-json\/wp\/v2\/categories?post=13562"},{"taxonomy":"post_tag","embeddable":true,"href":"https:\/\/vocesparalelas.com.ar\/sitio\/wp-json\/wp\/v2\/tags?post=13562"}],"curies":[{"name":"wp","href":"https:\/\/api.w.org\/{rel}","templated":true}]}}