{"id":13006,"date":"2018-06-26T00:57:16","date_gmt":"2018-06-26T03:57:16","guid":{"rendered":"http:\/\/vocesparalelas.com.ar\/sitio\/?p=13006"},"modified":"2018-06-30T20:54:26","modified_gmt":"2018-06-30T23:54:26","slug":"presentan-el-libro-ensayos-errores","status":"publish","type":"post","link":"https:\/\/vocesparalelas.com.ar\/sitio\/presentan-el-libro-ensayos-errores\/","title":{"rendered":"Presentan el Libro \u201cEnsayos &amp; Errores\u201d"},"content":{"rendered":"<p>El Viernes, 29 de Junio, a las 20.30 hs, en el caf\u00e9 literario de la Biblioteca Sarmiento Legislador de la C\u00e1mara de Diputados, se presenta el Libro \u201cEnsayos &amp; Errores\u201d de Francisco Lahti y Rodolfo Zamora Damonte.<\/p>\n<p>Los autores han pensado como una manifestaci\u00f3n absolutamente libre de la estructura literaria \u201censayo\u201d, divididos en 7 categor\u00edas como la ausencia, vida, muerte, escape, trabajo, amor y presente imperfecto.<\/p>\n<p>El libro est\u00e1 ilustrado por el arquitecto y artista pl\u00e1stico mendocino Ramiro Quesada.<\/p>\n<p>Acompa\u00f1a el acontecimiento la proyecci\u00f3n de las obras de Ramiro Quesada con la m\u00fasica de Rodolfo Zamora Damonte, lecturas de distintos escritores de la provincia y performance de expresi\u00f3n corporal a cargo de Mar\u00eda Cecilia Zamora.<\/p>\n<p>&nbsp;<\/p>\n<p>&nbsp;<\/p>\n<p>&nbsp;<\/p>\n","protected":false},"excerpt":{"rendered":"<p>El Viernes, 29 de Junio, a las 20.30 hs, en el caf\u00e9 literario de la Biblioteca Sarmiento Legislador de la<\/p>\n","protected":false},"author":3,"featured_media":13010,"comment_status":"closed","ping_status":"closed","sticky":false,"template":"","format":"standard","meta":{"_acf_changed":false,"_seopress_robots_primary_cat":"","_seopress_titles_title":"","_seopress_titles_desc":"","_seopress_robots_index":"","colormag_page_container_layout":"default_layout","colormag_page_sidebar_layout":"default_layout","footnotes":""},"categories":[20],"tags":[],"class_list":["post-13006","post","type-post","status-publish","format-standard","has-post-thumbnail","hentry","category-cartelera"],"acf":[],"_links":{"self":[{"href":"https:\/\/vocesparalelas.com.ar\/sitio\/wp-json\/wp\/v2\/posts\/13006","targetHints":{"allow":["GET"]}}],"collection":[{"href":"https:\/\/vocesparalelas.com.ar\/sitio\/wp-json\/wp\/v2\/posts"}],"about":[{"href":"https:\/\/vocesparalelas.com.ar\/sitio\/wp-json\/wp\/v2\/types\/post"}],"author":[{"embeddable":true,"href":"https:\/\/vocesparalelas.com.ar\/sitio\/wp-json\/wp\/v2\/users\/3"}],"replies":[{"embeddable":true,"href":"https:\/\/vocesparalelas.com.ar\/sitio\/wp-json\/wp\/v2\/comments?post=13006"}],"version-history":[{"count":0,"href":"https:\/\/vocesparalelas.com.ar\/sitio\/wp-json\/wp\/v2\/posts\/13006\/revisions"}],"wp:featuredmedia":[{"embeddable":true,"href":"https:\/\/vocesparalelas.com.ar\/sitio\/wp-json\/wp\/v2\/media\/13010"}],"wp:attachment":[{"href":"https:\/\/vocesparalelas.com.ar\/sitio\/wp-json\/wp\/v2\/media?parent=13006"}],"wp:term":[{"taxonomy":"category","embeddable":true,"href":"https:\/\/vocesparalelas.com.ar\/sitio\/wp-json\/wp\/v2\/categories?post=13006"},{"taxonomy":"post_tag","embeddable":true,"href":"https:\/\/vocesparalelas.com.ar\/sitio\/wp-json\/wp\/v2\/tags?post=13006"}],"curies":[{"name":"wp","href":"https:\/\/api.w.org\/{rel}","templated":true}]}}