{"id":12994,"date":"2018-06-28T23:40:31","date_gmt":"2018-06-29T02:40:31","guid":{"rendered":"http:\/\/vocesparalelas.com.ar\/sitio\/?p=12994"},"modified":"2018-06-30T00:34:10","modified_gmt":"2018-06-30T03:34:10","slug":"adicus-adhiere-al-paro-nacional-docente-del-3-de-julio","status":"publish","type":"post","link":"https:\/\/vocesparalelas.com.ar\/sitio\/adicus-adhiere-al-paro-nacional-docente-del-3-de-julio\/","title":{"rendered":"ADICUS adhiere al Paro Nacional Docente del 3 de Julio"},"content":{"rendered":"<p>La Asociaci\u00f3n de Docentes, Investigadores y Creadores de la Universidad Nacional de San Juan \u2013ADICUS- informa que se adhiere Paro Nacional Docente del 3 de Julio, en repudio a la represi\u00f3n a trabajadores docentes de la provincia de Chubut, esto en el marco de discusiones paritarias y para ratificar los reclamos salariales del sector.<\/p>\n<p>Esto significa que se adhieren al Paro tanto los docentes de las 5 Facultades y de los Institutos preuniversitarios de la Universidad Nacional de San Juan.<\/p>\n<p>Adem\u00e1s, adhiere a la movilizaci\u00f3n al Ministerio de Educaci\u00f3n Nacional, bajo la premisa \u201csi tocan a uno nos tocan a todos\u201d.<\/p>\n<p>De esta manera, ADICUS manifiesta su apoyo y solidaridad a la docencia chubutense e invita a la comunidad universitaria de la UNSJ a continuar con el plan de lucha en busca de soluciones a todos los conflictos salariales docentes sin resolver, aumento salarial del 30% y la aplicaci\u00f3n de la cl\u00e1usula gatillo.<\/p>\n<p>Jaime Barcelona-Secretario General<\/p>\n","protected":false},"excerpt":{"rendered":"<p>La Asociaci\u00f3n de Docentes, Investigadores y Creadores de la Universidad Nacional de San Juan \u2013ADICUS- informa que se adhiere Paro<\/p>\n","protected":false},"author":3,"featured_media":12481,"comment_status":"closed","ping_status":"closed","sticky":false,"template":"","format":"standard","meta":{"_acf_changed":false,"_seopress_robots_primary_cat":"","_seopress_titles_title":"","_seopress_titles_desc":"","_seopress_robots_index":"","colormag_page_container_layout":"default_layout","colormag_page_sidebar_layout":"default_layout","footnotes":""},"categories":[6],"tags":[],"class_list":["post-12994","post","type-post","status-publish","format-standard","has-post-thumbnail","hentry","category-eventos"],"acf":[],"_links":{"self":[{"href":"https:\/\/vocesparalelas.com.ar\/sitio\/wp-json\/wp\/v2\/posts\/12994","targetHints":{"allow":["GET"]}}],"collection":[{"href":"https:\/\/vocesparalelas.com.ar\/sitio\/wp-json\/wp\/v2\/posts"}],"about":[{"href":"https:\/\/vocesparalelas.com.ar\/sitio\/wp-json\/wp\/v2\/types\/post"}],"author":[{"embeddable":true,"href":"https:\/\/vocesparalelas.com.ar\/sitio\/wp-json\/wp\/v2\/users\/3"}],"replies":[{"embeddable":true,"href":"https:\/\/vocesparalelas.com.ar\/sitio\/wp-json\/wp\/v2\/comments?post=12994"}],"version-history":[{"count":0,"href":"https:\/\/vocesparalelas.com.ar\/sitio\/wp-json\/wp\/v2\/posts\/12994\/revisions"}],"wp:featuredmedia":[{"embeddable":true,"href":"https:\/\/vocesparalelas.com.ar\/sitio\/wp-json\/wp\/v2\/media\/12481"}],"wp:attachment":[{"href":"https:\/\/vocesparalelas.com.ar\/sitio\/wp-json\/wp\/v2\/media?parent=12994"}],"wp:term":[{"taxonomy":"category","embeddable":true,"href":"https:\/\/vocesparalelas.com.ar\/sitio\/wp-json\/wp\/v2\/categories?post=12994"},{"taxonomy":"post_tag","embeddable":true,"href":"https:\/\/vocesparalelas.com.ar\/sitio\/wp-json\/wp\/v2\/tags?post=12994"}],"curies":[{"name":"wp","href":"https:\/\/api.w.org\/{rel}","templated":true}]}}