{"id":12974,"date":"2018-06-28T21:53:46","date_gmt":"2018-06-29T00:53:46","guid":{"rendered":"http:\/\/vocesparalelas.com.ar\/sitio\/?p=12974"},"modified":"2018-06-28T21:53:46","modified_gmt":"2018-06-29T00:53:46","slug":"si-prometo-se-escucho-a-una-sola-voz-con-el-amor-de-ser-argentino","status":"publish","type":"post","link":"https:\/\/vocesparalelas.com.ar\/sitio\/si-prometo-se-escucho-a-una-sola-voz-con-el-amor-de-ser-argentino\/","title":{"rendered":"\u201cS\u00ed Prometo\u201d se escuch\u00f3 a una sola voz con el amor de ser argentino"},"content":{"rendered":"<p>La Municipalidad de Rivadavia y el Ministerio de Educaci\u00f3n se unieron para convocar al vecino para reforzar y apoyar el emotivo acto de Promesa de Lealtad a la Bandera Argentina por parte de 800 alumnos de 4\u00ba grado de las Escuelas del Departamento.<\/p>\n<p>El acto se realiz\u00f3 frente a la Escuela Provincia de Catamarca, la cual fue elegida porque este a\u00f1o cumple 100 a\u00f1os dedicada a formar buenas personas.<\/p>\n<p>Los alumnos participantes pertenecen a las Escuelas: Provincia de Catamarca, Cornelio Saavedra turno ma\u00f1ana y turno tarde, Docentes Sanjuaninos, Julia Le\u00f3n, Bartolom\u00e9 Carreras turno ma\u00f1ana y tarde, Malvinas Argentinas, Provincia de Tucum\u00e1n, Provincia de San Juan, Barrio Rivadavia Norte, Provincia de Mendoza, San Juan de la Frontera, Provincia de Salta; Timoteo Maradona y Colegio Mercedario.<\/p>\n<p>La Supervisora Zonal fue la responsable de tomar la Promesa de Lealtad a la Bandera Argentina a los alumnos de 4\u00ba grado, que con gran emoci\u00f3n respondieron a una sola voz \u201cS\u00ed Prometo\u201d y aplaudidos por la gran cantidad de p\u00fablico que se dio cita.<\/p>\n<p>Lugo, el Intendente de la Municipalidad de Rivadavia, Dr. Fabi\u00e1n Mart\u00edn, entreg\u00f3 a los directivos de las Escuelas participantes el recuerdo del momento de una medalla para cada alumno y una Bandera Argentina para el m\u00e1stil de la Instituci\u00f3n Educativa.<\/p>\n<p>Posteriormente, los peque\u00f1os promesantes desfilaron ante la Bandera Argentina como s\u00edmbolo de reafirmaci\u00f3n de su Promesa de Lealtad a la celeste y blanca, que nos representa como pa\u00eds libre y democr\u00e1tico.<\/p>\n<p>M\u00e1s de uno de los presentes, record\u00f3 aquel momento vivido como propio realizado a esta misma edad y con el orgullo de ser argentino.<\/p>\n<p><img loading=\"lazy\" decoding=\"async\" class=\"alignnone size-full wp-image-12977\" src=\"https:\/\/vocesparalelas.com.ar\/sitio\/wp-content\/uploads\/2018\/06\/RIVADAVIA-PROMESA-03.jpg\" alt=\"\" width=\"1000\" height=\"668\" srcset=\"https:\/\/vocesparalelas.com.ar\/sitio\/wp-content\/uploads\/2018\/06\/RIVADAVIA-PROMESA-03.jpg 1000w, https:\/\/vocesparalelas.com.ar\/sitio\/wp-content\/uploads\/2018\/06\/RIVADAVIA-PROMESA-03-300x200.jpg 300w, https:\/\/vocesparalelas.com.ar\/sitio\/wp-content\/uploads\/2018\/06\/RIVADAVIA-PROMESA-03-768x513.jpg 768w, https:\/\/vocesparalelas.com.ar\/sitio\/wp-content\/uploads\/2018\/06\/RIVADAVIA-PROMESA-03-800x534.jpg 800w\" sizes=\"auto, (max-width: 1000px) 100vw, 1000px\" \/><\/p>\n<p><img loading=\"lazy\" decoding=\"async\" class=\"alignnone size-full wp-image-12979\" src=\"https:\/\/vocesparalelas.com.ar\/sitio\/wp-content\/uploads\/2018\/06\/RIVADAVIA-PROMESA-05.jpg\" alt=\"\" width=\"1000\" height=\"668\" srcset=\"https:\/\/vocesparalelas.com.ar\/sitio\/wp-content\/uploads\/2018\/06\/RIVADAVIA-PROMESA-05.jpg 1000w, https:\/\/vocesparalelas.com.ar\/sitio\/wp-content\/uploads\/2018\/06\/RIVADAVIA-PROMESA-05-300x200.jpg 300w, https:\/\/vocesparalelas.com.ar\/sitio\/wp-content\/uploads\/2018\/06\/RIVADAVIA-PROMESA-05-768x513.jpg 768w, https:\/\/vocesparalelas.com.ar\/sitio\/wp-content\/uploads\/2018\/06\/RIVADAVIA-PROMESA-05-800x534.jpg 800w\" sizes=\"auto, (max-width: 1000px) 100vw, 1000px\" \/><\/p>\n<p><img loading=\"lazy\" decoding=\"async\" class=\"alignnone size-full wp-image-12978\" src=\"https:\/\/vocesparalelas.com.ar\/sitio\/wp-content\/uploads\/2018\/06\/RIVADAVIA-PROMESA-04.jpg\" alt=\"\" width=\"1000\" height=\"668\" srcset=\"https:\/\/vocesparalelas.com.ar\/sitio\/wp-content\/uploads\/2018\/06\/RIVADAVIA-PROMESA-04.jpg 1000w, https:\/\/vocesparalelas.com.ar\/sitio\/wp-content\/uploads\/2018\/06\/RIVADAVIA-PROMESA-04-300x200.jpg 300w, https:\/\/vocesparalelas.com.ar\/sitio\/wp-content\/uploads\/2018\/06\/RIVADAVIA-PROMESA-04-768x513.jpg 768w, https:\/\/vocesparalelas.com.ar\/sitio\/wp-content\/uploads\/2018\/06\/RIVADAVIA-PROMESA-04-800x534.jpg 800w\" sizes=\"auto, (max-width: 1000px) 100vw, 1000px\" \/><\/p>\n<p><img loading=\"lazy\" decoding=\"async\" class=\"alignnone size-full wp-image-12976\" src=\"https:\/\/vocesparalelas.com.ar\/sitio\/wp-content\/uploads\/2018\/06\/RIVADAVIA-PROMESA-02.jpg\" alt=\"\" width=\"1000\" height=\"668\" srcset=\"https:\/\/vocesparalelas.com.ar\/sitio\/wp-content\/uploads\/2018\/06\/RIVADAVIA-PROMESA-02.jpg 1000w, https:\/\/vocesparalelas.com.ar\/sitio\/wp-content\/uploads\/2018\/06\/RIVADAVIA-PROMESA-02-300x200.jpg 300w, https:\/\/vocesparalelas.com.ar\/sitio\/wp-content\/uploads\/2018\/06\/RIVADAVIA-PROMESA-02-768x513.jpg 768w, https:\/\/vocesparalelas.com.ar\/sitio\/wp-content\/uploads\/2018\/06\/RIVADAVIA-PROMESA-02-800x534.jpg 800w\" sizes=\"auto, (max-width: 1000px) 100vw, 1000px\" \/><\/p>\n<p><img loading=\"lazy\" decoding=\"async\" class=\"alignnone size-full wp-image-12975\" src=\"https:\/\/vocesparalelas.com.ar\/sitio\/wp-content\/uploads\/2018\/06\/RIVADAVIA-PROMESA-01.jpg\" alt=\"\" width=\"1000\" height=\"604\" srcset=\"https:\/\/vocesparalelas.com.ar\/sitio\/wp-content\/uploads\/2018\/06\/RIVADAVIA-PROMESA-01.jpg 1000w, https:\/\/vocesparalelas.com.ar\/sitio\/wp-content\/uploads\/2018\/06\/RIVADAVIA-PROMESA-01-300x181.jpg 300w, https:\/\/vocesparalelas.com.ar\/sitio\/wp-content\/uploads\/2018\/06\/RIVADAVIA-PROMESA-01-768x464.jpg 768w, https:\/\/vocesparalelas.com.ar\/sitio\/wp-content\/uploads\/2018\/06\/RIVADAVIA-PROMESA-01-800x483.jpg 800w\" sizes=\"auto, (max-width: 1000px) 100vw, 1000px\" \/><\/p>\n<p>&nbsp;<\/p>\n<p>&nbsp;<\/p>\n","protected":false},"excerpt":{"rendered":"<p>La Municipalidad de Rivadavia y el Ministerio de Educaci\u00f3n se unieron para convocar al vecino para reforzar y apoyar el<\/p>\n","protected":false},"author":3,"featured_media":12978,"comment_status":"closed","ping_status":"closed","sticky":false,"template":"","format":"standard","meta":{"_acf_changed":false,"_seopress_robots_primary_cat":"","_seopress_titles_title":"","_seopress_titles_desc":"","_seopress_robots_index":"","colormag_page_container_layout":"default_layout","colormag_page_sidebar_layout":"default_layout","footnotes":""},"categories":[1],"tags":[],"class_list":["post-12974","post","type-post","status-publish","format-standard","has-post-thumbnail","hentry","category-destacadas"],"acf":[],"_links":{"self":[{"href":"https:\/\/vocesparalelas.com.ar\/sitio\/wp-json\/wp\/v2\/posts\/12974","targetHints":{"allow":["GET"]}}],"collection":[{"href":"https:\/\/vocesparalelas.com.ar\/sitio\/wp-json\/wp\/v2\/posts"}],"about":[{"href":"https:\/\/vocesparalelas.com.ar\/sitio\/wp-json\/wp\/v2\/types\/post"}],"author":[{"embeddable":true,"href":"https:\/\/vocesparalelas.com.ar\/sitio\/wp-json\/wp\/v2\/users\/3"}],"replies":[{"embeddable":true,"href":"https:\/\/vocesparalelas.com.ar\/sitio\/wp-json\/wp\/v2\/comments?post=12974"}],"version-history":[{"count":0,"href":"https:\/\/vocesparalelas.com.ar\/sitio\/wp-json\/wp\/v2\/posts\/12974\/revisions"}],"wp:featuredmedia":[{"embeddable":true,"href":"https:\/\/vocesparalelas.com.ar\/sitio\/wp-json\/wp\/v2\/media\/12978"}],"wp:attachment":[{"href":"https:\/\/vocesparalelas.com.ar\/sitio\/wp-json\/wp\/v2\/media?parent=12974"}],"wp:term":[{"taxonomy":"category","embeddable":true,"href":"https:\/\/vocesparalelas.com.ar\/sitio\/wp-json\/wp\/v2\/categories?post=12974"},{"taxonomy":"post_tag","embeddable":true,"href":"https:\/\/vocesparalelas.com.ar\/sitio\/wp-json\/wp\/v2\/tags?post=12974"}],"curies":[{"name":"wp","href":"https:\/\/api.w.org\/{rel}","templated":true}]}}