{"id":12944,"date":"2018-06-27T23:01:04","date_gmt":"2018-06-28T02:01:04","guid":{"rendered":"http:\/\/vocesparalelas.com.ar\/sitio\/?p=12944"},"modified":"2018-06-27T23:01:04","modified_gmt":"2018-06-28T02:01:04","slug":"diplomatura-diseno-socialmente-responsable-e-innovador","status":"publish","type":"post","link":"https:\/\/vocesparalelas.com.ar\/sitio\/diplomatura-diseno-socialmente-responsable-e-innovador\/","title":{"rendered":"Diplomatura \u201cDise\u00f1o Socialmente Responsable e Innovador\u201d"},"content":{"rendered":"<p>El Departamento de Estudios de Posgrado de la FAUD informa que est\u00e1n abiertas las inscripciones para esta Diplomatura.<\/p>\n<p>Esta diplomatura pretende transmitir una visi\u00f3n totalizadora e integradora de recursos (sociales, culturales, pol\u00edticos, tecnol\u00f3gicos) para desarrollar proyectos que con el aporte de la innovaci\u00f3n y la ecoeficiencia en el uso de dichos recursos, puedan cubrir las necesidades actuales y potenciales de los proyectos (Industrial, Gr\u00e1fico, Arquitect\u00f3nico, social, comunicacional) generados desde las propias necesidades del entorno productivo y la industria local, entendiendo que sus problem\u00e1ticas y escenarios posibilitan una novedosa mirada ante el desarrollo de la regi\u00f3n.<\/p>\n<p>La Diplomatura tiene una duraci\u00f3n de 3 meses. Comienza su dictado el 22 de agosto y est\u00e1 destinada a profesionales Universitarios que posean un t\u00edtulo de grado universitario de una carrera no menor a cuatro a\u00f1os en disciplinas cuyas incumbencias profesionales puedan aportar al conocimiento y establecer conexiones entre el proyecto y un aspecto espec\u00edfico de la disciplina de su formaci\u00f3n (dise\u00f1o industrial, gr\u00e1fico, indumentaria, arquitectura, ingenier\u00eda industrial, bioingenier\u00eda, sociolog\u00eda).<\/p>\n<p>La Diplomatura est\u00e1 estructurada a partir de 4 Seminarios Te\u00f3rico-Pr\u00e1cticos agrupados en n\u00facleos tem\u00e1ticos y un Workshop integrador, todos de car\u00e1cter presencial y obligatorio. Adem\u00e1s, se complementar\u00e1 con Conferencias magistrales optativas impartidas por profesionales reconocidos a nivel nacional e internacional.<\/p>\n<p><span style=\"color: #ff00ff\"><strong>M\u00e1s informaci\u00f3n<\/strong><\/span><\/p>\n<p>Departamento de Estudios de Posgrado de la FAUD<\/p>\n<p>Tel\u00e9fonos: 264 4232395 \/ 3259<\/p>\n<p>Mail: <a href=\"mailto:posgrado@faud.unsj.edu.ar\">posgrado@faud.unsj.edu.ar<\/a><\/p>\n<p><a href=\"http:\/\/www.faud.unsj.edu.ar\/posgrado\/diplomaturas\/17-diplomatura-en-diseno-socialmente-responsable-e-innovador\/\">http:\/\/www.faud.unsj.edu.ar\/posgrado\/diplomaturas\/17-diplomatura-en-diseno-socialmente-responsable-e-innovador\/<\/a><\/p>\n<p>&nbsp;<\/p>\n<p>&nbsp;<\/p>\n<p>&nbsp;<\/p>\n","protected":false},"excerpt":{"rendered":"<p>El Departamento de Estudios de Posgrado de la FAUD informa que est\u00e1n abiertas las inscripciones para esta Diplomatura. Esta diplomatura<\/p>\n","protected":false},"author":3,"featured_media":0,"comment_status":"closed","ping_status":"closed","sticky":false,"template":"","format":"standard","meta":{"_acf_changed":false,"_seopress_robots_primary_cat":"","_seopress_titles_title":"","_seopress_titles_desc":"","_seopress_robots_index":"","colormag_page_container_layout":"default_layout","colormag_page_sidebar_layout":"default_layout","footnotes":""},"categories":[15],"tags":[],"class_list":["post-12944","post","type-post","status-publish","format-standard","hentry","category-posgrados"],"acf":[],"_links":{"self":[{"href":"https:\/\/vocesparalelas.com.ar\/sitio\/wp-json\/wp\/v2\/posts\/12944","targetHints":{"allow":["GET"]}}],"collection":[{"href":"https:\/\/vocesparalelas.com.ar\/sitio\/wp-json\/wp\/v2\/posts"}],"about":[{"href":"https:\/\/vocesparalelas.com.ar\/sitio\/wp-json\/wp\/v2\/types\/post"}],"author":[{"embeddable":true,"href":"https:\/\/vocesparalelas.com.ar\/sitio\/wp-json\/wp\/v2\/users\/3"}],"replies":[{"embeddable":true,"href":"https:\/\/vocesparalelas.com.ar\/sitio\/wp-json\/wp\/v2\/comments?post=12944"}],"version-history":[{"count":0,"href":"https:\/\/vocesparalelas.com.ar\/sitio\/wp-json\/wp\/v2\/posts\/12944\/revisions"}],"wp:attachment":[{"href":"https:\/\/vocesparalelas.com.ar\/sitio\/wp-json\/wp\/v2\/media?parent=12944"}],"wp:term":[{"taxonomy":"category","embeddable":true,"href":"https:\/\/vocesparalelas.com.ar\/sitio\/wp-json\/wp\/v2\/categories?post=12944"},{"taxonomy":"post_tag","embeddable":true,"href":"https:\/\/vocesparalelas.com.ar\/sitio\/wp-json\/wp\/v2\/tags?post=12944"}],"curies":[{"name":"wp","href":"https:\/\/api.w.org\/{rel}","templated":true}]}}