{"id":12941,"date":"2018-06-27T22:28:02","date_gmt":"2018-06-28T01:28:02","guid":{"rendered":"http:\/\/vocesparalelas.com.ar\/sitio\/?p=12941"},"modified":"2018-06-27T22:28:02","modified_gmt":"2018-06-28T01:28:02","slug":"el-consejo-superior-fijo-posicion-por-el-conflicto-en-las-elecciones-estudiantiles-de-la-ffha","status":"publish","type":"post","link":"https:\/\/vocesparalelas.com.ar\/sitio\/el-consejo-superior-fijo-posicion-por-el-conflicto-en-las-elecciones-estudiantiles-de-la-ffha\/","title":{"rendered":"El Consejo Superior fij\u00f3 posici\u00f3n por el conflicto en las Elecciones Estudiantiles de la FFHA"},"content":{"rendered":"<p>El debate dur\u00f3 hasta la madrugada. Estudiantes concluyeron la vigilia en la facultad.<\/p>\n<p>Luego de debatir durante varias horas y ante gran cantidad de p\u00fablico que colm\u00f3 la sala del tercer piso, el Consejo Superior de la UNSJ se expres\u00f3 acerca del conflicto estudiantil en la FFHA. Esta es el texto de la declaraci\u00f3n:<\/p>\n<p>En lo atinente a las elecciones estudiantiles y los episodios ocurridos relacionados a la ocupaci\u00f3n pac\u00edfica de la Facultad de Filosof\u00eda, Humanidades y Artes;<\/p>\n<p>EL CONSEJO SUPERIOR DE LA UNIVERSIDAD NACIONAL DE SAN JUAN<\/p>\n<p>-en sesi\u00f3n del d\u00eda 21 de Junio de 2018 (Acta N\u00ba 9\/18-CS)- DECLARA:<\/p>\n<p>El compromiso con:<\/p>\n<p>El cumplimiento de las normas que dan legalidad a los procesos electorales en la UNSJ;<\/p>\n<p>El reconocimiento del derecho de los estudiantes a peticionar y sostener su reclamo;<\/p>\n<p>El fortalecimiento de la democracia en todos nuestros actos.<\/p>\n<p>A 100 a\u00f1os de la conmemoraci\u00f3n de la Reforma Universitaria nos manifestamos a favor de la defensa de un modelo democratizador de la Universidad P\u00fablica que aliente los debates y la participaci\u00f3n de todos los miembros de la comunidad universitaria, de manera abierta y respetuosa.<\/p>\n<p>San Juan, 21 de Junio de 2018.-<\/p>\n<p>FDO.: Dr. Ing. Oscar NASISI \u2013 Presidente del Consejo Superior de la UNSJ<\/p>\n<p>&nbsp;<\/p>\n<p>&nbsp;<\/p>\n<p>&nbsp;<\/p>\n","protected":false},"excerpt":{"rendered":"<p>El debate dur\u00f3 hasta la madrugada. Estudiantes concluyeron la vigilia en la facultad. Luego de debatir durante varias horas y<\/p>\n","protected":false},"author":3,"featured_media":12942,"comment_status":"closed","ping_status":"closed","sticky":false,"template":"","format":"standard","meta":{"_acf_changed":false,"_seopress_robots_primary_cat":"","_seopress_titles_title":"","_seopress_titles_desc":"","_seopress_robots_index":"","colormag_page_container_layout":"default_layout","colormag_page_sidebar_layout":"default_layout","footnotes":""},"categories":[1],"tags":[],"class_list":["post-12941","post","type-post","status-publish","format-standard","has-post-thumbnail","hentry","category-destacadas"],"acf":[],"_links":{"self":[{"href":"https:\/\/vocesparalelas.com.ar\/sitio\/wp-json\/wp\/v2\/posts\/12941","targetHints":{"allow":["GET"]}}],"collection":[{"href":"https:\/\/vocesparalelas.com.ar\/sitio\/wp-json\/wp\/v2\/posts"}],"about":[{"href":"https:\/\/vocesparalelas.com.ar\/sitio\/wp-json\/wp\/v2\/types\/post"}],"author":[{"embeddable":true,"href":"https:\/\/vocesparalelas.com.ar\/sitio\/wp-json\/wp\/v2\/users\/3"}],"replies":[{"embeddable":true,"href":"https:\/\/vocesparalelas.com.ar\/sitio\/wp-json\/wp\/v2\/comments?post=12941"}],"version-history":[{"count":0,"href":"https:\/\/vocesparalelas.com.ar\/sitio\/wp-json\/wp\/v2\/posts\/12941\/revisions"}],"wp:featuredmedia":[{"embeddable":true,"href":"https:\/\/vocesparalelas.com.ar\/sitio\/wp-json\/wp\/v2\/media\/12942"}],"wp:attachment":[{"href":"https:\/\/vocesparalelas.com.ar\/sitio\/wp-json\/wp\/v2\/media?parent=12941"}],"wp:term":[{"taxonomy":"category","embeddable":true,"href":"https:\/\/vocesparalelas.com.ar\/sitio\/wp-json\/wp\/v2\/categories?post=12941"},{"taxonomy":"post_tag","embeddable":true,"href":"https:\/\/vocesparalelas.com.ar\/sitio\/wp-json\/wp\/v2\/tags?post=12941"}],"curies":[{"name":"wp","href":"https:\/\/api.w.org\/{rel}","templated":true}]}}