{"id":12932,"date":"2018-06-27T15:35:57","date_gmt":"2018-06-27T18:35:57","guid":{"rendered":"http:\/\/vocesparalelas.com.ar\/sitio\/?p=12932"},"modified":"2018-06-28T22:29:52","modified_gmt":"2018-06-29T01:29:52","slug":"concurso-literario-san-juan-escribe-premio-jorge-leonidas-escudero-edicion-2018","status":"publish","type":"post","link":"https:\/\/vocesparalelas.com.ar\/sitio\/concurso-literario-san-juan-escribe-premio-jorge-leonidas-escudero-edicion-2018\/","title":{"rendered":"Concurso Literario \u201cSan Juan Escribe\u201d \u2013 Premio Jorge Leonidas Escudero \u2013 Edici\u00f3n 2018"},"content":{"rendered":"<p>El vicegobernador y presidente de la C\u00e1mara de Diputados de San Juan, Dr. Marcelo Jorge Lima, present\u00f3 en forma oficial el Concurso Literario San Juan Escribe \u2013 Premio Jorge Leonidas Escudero \u2013 Edici\u00f3n 2018, en el que el Fondo Editorial convoca a escritores a participar en este concurso literario regional de tem\u00e1tica libre.<\/p>\n<p>En la ocasi\u00f3n, el titular del Parlamento provincial estuvo acompa\u00f1ado por el secretario Legislativo, Mario Alberto Herrero; la responsable del Fondo Editorial, Sandra Luna y el director de Ediciones Culturales de la provincia de Mendoza, Alejandro D\u00edaz Cano.<\/p>\n<p>Por ello, el vicegobernador Dr. Marcelo Lima describi\u00f3 el Concurso Literario San Juan Escribe \u2013 Premio Jorge Leonidas Escudero en su edici\u00f3n 2018.<\/p>\n<p><iframe loading=\"lazy\" width=\"800\" height=\"450\" src=\"https:\/\/www.youtube.com\/embed\/mq44AZpZygs?feature=oembed\" frameborder=\"0\" allow=\"autoplay; encrypted-media\" allowfullscreen><\/iframe><\/p>\n<p>Por \u00faltimo, puntualiz\u00f3 el vicegobernador que \u201chemos querido darles a los sanjuaninos y a los cuyanos en general (mendocinos y puntanos), una herramienta necesaria para canalizar estas inquietudes a trav\u00e9s de la Legislatura provincial\u201d.<\/p>\n<p>Posteriormente, Alejandro D\u00edaz Cano, director de Ediciones Culturales del gobierno de la provincia de Mendoza agradeci\u00f3 a la provincia de San Juan en general y a la C\u00e1mara de Diputados en particular y en especial al vicegobernador Marcelo Lima por brindar este espacio para la difusi\u00f3n de la literatura regional, es fundamental y me parece un gran avance para la regi\u00f3n de Cuyo que existan este tipo de convocatorias y muy significativo que salga de San Juan.<\/p>\n<p><iframe loading=\"lazy\" width=\"800\" height=\"450\" src=\"https:\/\/www.youtube.com\/embed\/6YFLbMj1j7o?feature=oembed\" frameborder=\"0\" allow=\"autoplay; encrypted-media\" allowfullscreen><\/iframe><\/p>\n<p><span style=\"color: #993300\"><strong>Datos Importantes<\/strong><\/span><\/p>\n<p><img loading=\"lazy\" decoding=\"async\" class=\"alignnone size-full wp-image-12840\" src=\"https:\/\/vocesparalelas.com.ar\/sitio\/wp-content\/uploads\/2018\/06\/SAN-JUAN-ESCRIBE-2018.jpg\" alt=\"\" width=\"1000\" height=\"742\" srcset=\"https:\/\/vocesparalelas.com.ar\/sitio\/wp-content\/uploads\/2018\/06\/SAN-JUAN-ESCRIBE-2018.jpg 1000w, https:\/\/vocesparalelas.com.ar\/sitio\/wp-content\/uploads\/2018\/06\/SAN-JUAN-ESCRIBE-2018-300x223.jpg 300w, https:\/\/vocesparalelas.com.ar\/sitio\/wp-content\/uploads\/2018\/06\/SAN-JUAN-ESCRIBE-2018-768x570.jpg 768w, https:\/\/vocesparalelas.com.ar\/sitio\/wp-content\/uploads\/2018\/06\/SAN-JUAN-ESCRIBE-2018-800x594.jpg 800w\" sizes=\"auto, (max-width: 1000px) 100vw, 1000px\" \/><\/p>\n<p>El Concurso contempla premios en efectivo y la impresi\u00f3n del libro de los ganadores y el plazo para la entrega de los trabajos ser\u00e1 desde el 27 de Junio de 2018 hasta el 28 de Septiembre de 2018.<\/p>\n<p>Las bases y condiciones pueden encontrarlas en<\/p>\n<p><a href=\"http:\/\/www.diputadossanjuan.gob.ar\">www.diputadossanjuan.gob.ar<\/a><\/p>\n<p>Tambi\u00e9n pueden recabar informes y consultas a<\/p>\n<p><a href=\"mailto:fondo_editorial@diputadossanjuan.gob.ar\">fondo_editorial@diputadossanjuan.gob.ar<\/a><\/p>\n<p>o los tel\u00e9fonos 264-4211750 o 264-4294466.<\/p>\n<p>&nbsp;<\/p>\n<p>&nbsp;<\/p>\n","protected":false},"excerpt":{"rendered":"<p>El vicegobernador y presidente de la C\u00e1mara de Diputados de San Juan, Dr. Marcelo Jorge Lima, present\u00f3 en forma oficial<\/p>\n","protected":false},"author":3,"featured_media":12934,"comment_status":"closed","ping_status":"closed","sticky":false,"template":"","format":"video","meta":{"_acf_changed":false,"_seopress_robots_primary_cat":"","_seopress_titles_title":"","_seopress_titles_desc":"","_seopress_robots_index":"","colormag_page_container_layout":"default_layout","colormag_page_sidebar_layout":"default_layout","footnotes":""},"categories":[8,7],"tags":[],"class_list":["post-12932","post","type-post","status-publish","format-video","has-post-thumbnail","hentry","category-concursos","category-videos","post_format-post-format-video"],"acf":[],"_links":{"self":[{"href":"https:\/\/vocesparalelas.com.ar\/sitio\/wp-json\/wp\/v2\/posts\/12932","targetHints":{"allow":["GET"]}}],"collection":[{"href":"https:\/\/vocesparalelas.com.ar\/sitio\/wp-json\/wp\/v2\/posts"}],"about":[{"href":"https:\/\/vocesparalelas.com.ar\/sitio\/wp-json\/wp\/v2\/types\/post"}],"author":[{"embeddable":true,"href":"https:\/\/vocesparalelas.com.ar\/sitio\/wp-json\/wp\/v2\/users\/3"}],"replies":[{"embeddable":true,"href":"https:\/\/vocesparalelas.com.ar\/sitio\/wp-json\/wp\/v2\/comments?post=12932"}],"version-history":[{"count":0,"href":"https:\/\/vocesparalelas.com.ar\/sitio\/wp-json\/wp\/v2\/posts\/12932\/revisions"}],"wp:featuredmedia":[{"embeddable":true,"href":"https:\/\/vocesparalelas.com.ar\/sitio\/wp-json\/wp\/v2\/media\/12934"}],"wp:attachment":[{"href":"https:\/\/vocesparalelas.com.ar\/sitio\/wp-json\/wp\/v2\/media?parent=12932"}],"wp:term":[{"taxonomy":"category","embeddable":true,"href":"https:\/\/vocesparalelas.com.ar\/sitio\/wp-json\/wp\/v2\/categories?post=12932"},{"taxonomy":"post_tag","embeddable":true,"href":"https:\/\/vocesparalelas.com.ar\/sitio\/wp-json\/wp\/v2\/tags?post=12932"}],"curies":[{"name":"wp","href":"https:\/\/api.w.org\/{rel}","templated":true}]}}