{"id":12929,"date":"2018-06-27T21:16:53","date_gmt":"2018-06-28T00:16:53","guid":{"rendered":"http:\/\/vocesparalelas.com.ar\/sitio\/?p=12929"},"modified":"2018-06-27T21:40:18","modified_gmt":"2018-06-28T00:40:18","slug":"duelo-institucional-por-el-fallecimiento-del-diputado-pedro-mallea","status":"publish","type":"post","link":"https:\/\/vocesparalelas.com.ar\/sitio\/duelo-institucional-por-el-fallecimiento-del-diputado-pedro-mallea\/","title":{"rendered":"Duelo institucional por el fallecimiento del diputado Pedro Mallea"},"content":{"rendered":"<div class=\"itemFullText jbintrotext\">\n<p>El Poder Legislativo de San Juan dispuso decretar tres d\u00edas de Duelo Institucional, con bandera a media asta y suspensi\u00f3n de las actividades protocolares, por la muerte del diputado provincial Pedro Oscar Mallea, cuyos restos est\u00e1n vel\u00e1ndose en la concher\u00eda San Jos\u00e9, sala N\u00ba 3, salta 424 sur. El sepelio ser\u00e1 llevado a cabo este jueves 28 de junio, a las 11 horas, en el Cementerio Parque \u201cEl Mirador\u201d.<\/p>\n<\/div>\n<div class=\"itemFullText\">\n<p>El diputado Pedro Mallea naci\u00f3 el 9 de septiembre de 1945, en el departamento J\u00e1chal. Obtuvo el t\u00edtulo de Licenciado en Sociolog\u00eda en la Facultad de Filosof\u00eda, Humanidades y Artes de la Universidad Nacional de San Juan (UNSJ) en octubre de 1975; y m\u00e1s tarde, en septiembre de 1984, se recibi\u00f3 de profesor en docencia universitaria del \u00e1rea de sociolog\u00eda, en la Facultad de Filosof\u00eda y Humanidades de la Universidad Cat\u00f3lica de Cuyo.<\/p>\n<p>Fue vicerrector de la UNSJ, entre 1990 y 1999, durante la gesti\u00f3n de Tulio Del Bono.<\/p>\n<p>En el 2003 asumi\u00f3 como ministro de Educaci\u00f3n de la provincia de la mano de Jos\u00e9 Luis Gioja, pero tuvo que renunciar en el 2006 a causa de su enfermedad.<\/p>\n<p>Fue diputado proporcional por dos per\u00edodos consecutivos. Primero entre 2011- 2015, etapa en la que lleg\u00f3 a ser designado como vicepresidente primero de la C\u00e1mara de Diputados. Luego fue reelecto en el a\u00f1o 2015 hasta la fecha.<\/p>\n<\/div>\n<p>&nbsp;<\/p>\n<p>&nbsp;<\/p>\n","protected":false},"excerpt":{"rendered":"<p>El Poder Legislativo de San Juan dispuso decretar tres d\u00edas de Duelo Institucional, con bandera a media asta y suspensi\u00f3n<\/p>\n","protected":false},"author":3,"featured_media":12936,"comment_status":"closed","ping_status":"closed","sticky":false,"template":"","format":"standard","meta":{"_acf_changed":false,"_seopress_robots_primary_cat":"","_seopress_titles_title":"","_seopress_titles_desc":"","_seopress_robots_index":"","colormag_page_container_layout":"default_layout","colormag_page_sidebar_layout":"default_layout","footnotes":""},"categories":[1],"tags":[],"class_list":["post-12929","post","type-post","status-publish","format-standard","has-post-thumbnail","hentry","category-destacadas"],"acf":[],"_links":{"self":[{"href":"https:\/\/vocesparalelas.com.ar\/sitio\/wp-json\/wp\/v2\/posts\/12929","targetHints":{"allow":["GET"]}}],"collection":[{"href":"https:\/\/vocesparalelas.com.ar\/sitio\/wp-json\/wp\/v2\/posts"}],"about":[{"href":"https:\/\/vocesparalelas.com.ar\/sitio\/wp-json\/wp\/v2\/types\/post"}],"author":[{"embeddable":true,"href":"https:\/\/vocesparalelas.com.ar\/sitio\/wp-json\/wp\/v2\/users\/3"}],"replies":[{"embeddable":true,"href":"https:\/\/vocesparalelas.com.ar\/sitio\/wp-json\/wp\/v2\/comments?post=12929"}],"version-history":[{"count":0,"href":"https:\/\/vocesparalelas.com.ar\/sitio\/wp-json\/wp\/v2\/posts\/12929\/revisions"}],"wp:featuredmedia":[{"embeddable":true,"href":"https:\/\/vocesparalelas.com.ar\/sitio\/wp-json\/wp\/v2\/media\/12936"}],"wp:attachment":[{"href":"https:\/\/vocesparalelas.com.ar\/sitio\/wp-json\/wp\/v2\/media?parent=12929"}],"wp:term":[{"taxonomy":"category","embeddable":true,"href":"https:\/\/vocesparalelas.com.ar\/sitio\/wp-json\/wp\/v2\/categories?post=12929"},{"taxonomy":"post_tag","embeddable":true,"href":"https:\/\/vocesparalelas.com.ar\/sitio\/wp-json\/wp\/v2\/tags?post=12929"}],"curies":[{"name":"wp","href":"https:\/\/api.w.org\/{rel}","templated":true}]}}