{"id":12908,"date":"2018-06-27T17:29:30","date_gmt":"2018-06-27T20:29:30","guid":{"rendered":"http:\/\/vocesparalelas.com.ar\/sitio\/?p=12908"},"modified":"2018-06-28T22:30:37","modified_gmt":"2018-06-29T01:30:37","slug":"convocatoria-arte-contemporaneo-en-san-juan","status":"publish","type":"post","link":"https:\/\/vocesparalelas.com.ar\/sitio\/convocatoria-arte-contemporaneo-en-san-juan\/","title":{"rendered":"Convocatoria \u00abArte Contempor\u00e1neo en San Juan\u00bb"},"content":{"rendered":"<p>El Museo Provincial de Bellas Artes Franklin Rawson convoca a artistas, que est\u00e9n desarrollando su obra en la provincia de San Juan, a proponer trabajos de su autor\u00eda realizados durante los \u00faltimos cinco a\u00f1os o proyectos a realizar en el transcurso de este a\u00f1o, para participar de la exposici\u00f3n de artes visuales: Arte Contempor\u00e1neo en San Juan. S\u00edntomas y Desplazamientos, que inaugurar\u00e1 el 7 de Diciembre de 2018 en el museo.<\/p>\n<p>La exposici\u00f3n pretende ser un reflejo de la actividad art\u00edstica actual en la provincia, reunir informaci\u00f3n para la conformaci\u00f3n de un archivo y dar mayor visibilidad a los artistas, as\u00ed como colaborar en la reflexi\u00f3n y el desarrollo de sus producciones.<\/p>\n<p>La presentaci\u00f3n debe ser enviada por email a <a href=\"mailto:arteensanjuan2018@gmail.com\">arteensanjuan2018@gmail.com<\/a><\/p>\n<p>La recepci\u00f3n de consultas y propuestas se realizar\u00e1 desde el 4 de mayo hasta el 15 de julio de 2018.<\/p>\n<p>Entra a este link para acceder a las bases y condiciones.<\/p>\n<p><a href=\"http:\/\/www.museofranklinrawson.org\/noticias\/convocatoria-arte-contemporaneo-san-juan\/\">http:\/\/www.museofranklinrawson.org\/noticias\/convocatoria-arte-contemporaneo-san-juan\/<\/a><\/p>\n<p>&nbsp;<\/p>\n<p><img loading=\"lazy\" decoding=\"async\" class=\"alignnone size-full wp-image-12909\" src=\"https:\/\/vocesparalelas.com.ar\/sitio\/wp-content\/uploads\/2018\/06\/MUSEO-ARTE.jpg\" alt=\"\" width=\"1000\" height=\"1000\" \/><\/p>\n<p>&nbsp;<\/p>\n<p>&nbsp;<\/p>\n<p>&nbsp;<\/p>\n<p>&nbsp;<\/p>\n<p>&nbsp;<\/p>\n","protected":false},"excerpt":{"rendered":"<p>El Museo Provincial de Bellas Artes Franklin Rawson convoca a artistas, que est\u00e9n desarrollando su obra en la provincia de<\/p>\n","protected":false},"author":3,"featured_media":8180,"comment_status":"closed","ping_status":"closed","sticky":false,"template":"","format":"standard","meta":{"_acf_changed":false,"_seopress_robots_primary_cat":"","_seopress_titles_title":"","_seopress_titles_desc":"","_seopress_robots_index":"","colormag_page_container_layout":"default_layout","colormag_page_sidebar_layout":"default_layout","footnotes":""},"categories":[2],"tags":[],"class_list":["post-12908","post","type-post","status-publish","format-standard","has-post-thumbnail","hentry","category-convocatorias"],"acf":[],"_links":{"self":[{"href":"https:\/\/vocesparalelas.com.ar\/sitio\/wp-json\/wp\/v2\/posts\/12908","targetHints":{"allow":["GET"]}}],"collection":[{"href":"https:\/\/vocesparalelas.com.ar\/sitio\/wp-json\/wp\/v2\/posts"}],"about":[{"href":"https:\/\/vocesparalelas.com.ar\/sitio\/wp-json\/wp\/v2\/types\/post"}],"author":[{"embeddable":true,"href":"https:\/\/vocesparalelas.com.ar\/sitio\/wp-json\/wp\/v2\/users\/3"}],"replies":[{"embeddable":true,"href":"https:\/\/vocesparalelas.com.ar\/sitio\/wp-json\/wp\/v2\/comments?post=12908"}],"version-history":[{"count":0,"href":"https:\/\/vocesparalelas.com.ar\/sitio\/wp-json\/wp\/v2\/posts\/12908\/revisions"}],"wp:featuredmedia":[{"embeddable":true,"href":"https:\/\/vocesparalelas.com.ar\/sitio\/wp-json\/wp\/v2\/media\/8180"}],"wp:attachment":[{"href":"https:\/\/vocesparalelas.com.ar\/sitio\/wp-json\/wp\/v2\/media?parent=12908"}],"wp:term":[{"taxonomy":"category","embeddable":true,"href":"https:\/\/vocesparalelas.com.ar\/sitio\/wp-json\/wp\/v2\/categories?post=12908"},{"taxonomy":"post_tag","embeddable":true,"href":"https:\/\/vocesparalelas.com.ar\/sitio\/wp-json\/wp\/v2\/tags?post=12908"}],"curies":[{"name":"wp","href":"https:\/\/api.w.org\/{rel}","templated":true}]}}