{"id":12904,"date":"2018-06-27T00:34:53","date_gmt":"2018-06-27T03:34:53","guid":{"rendered":"http:\/\/vocesparalelas.com.ar\/sitio\/?p=12904"},"modified":"2018-06-27T00:40:31","modified_gmt":"2018-06-27T03:40:31","slug":"cuando-la-vida-se-esconde-entre-espinas-siempre-florece-una-flor","status":"publish","type":"post","link":"https:\/\/vocesparalelas.com.ar\/sitio\/cuando-la-vida-se-esconde-entre-espinas-siempre-florece-una-flor\/","title":{"rendered":"\u00abCuando la vida se esconde entre espinas, siempre florece una flor\u00bb"},"content":{"rendered":"<p>Por Mons. Angelelli, Oraci\u00f3n de mi sacerdocio<\/p>\n<p>En este 26 de junio, \u201cD\u00eda Internacional de la Lucha contra el Uso Indebido y el Tr\u00e1fico Il\u00edcito de Drogas\u201d, queremos hacer llegar nuestra cercan\u00eda y oraci\u00f3n a tantas personas que sufren y cargan con el dolor de una adicci\u00f3n, ya sea propia o de un familiar. \u00a1Cuando las drogas entran en la vida de una persona, entran en la vida de toda la familia! \u00a1Cuando las drogas entran en la vida de una persona, sufrimos todos!<\/p>\n<p>D\u00eda a d\u00eda se acercan a nuestras comunidades y nos encontramos con ellos en los barrios de la patria, hermanos y hermanas que buscan ser escuchados, recibidos y acompa\u00f1ados, cargando con el dolor de la vida herida y descartada por una sociedad que produce cada vez m\u00e1s adicciones, pero mira para otro lado en la b\u00fasqueda de soluciones. A cada uno de nuestros hermanos y hermanas en consumo, a cada uno de sus familiares y amigos, a cada uno de los hermanos y hermanas que viven en lo cotidiano el deterioro de la vida marcada por las drogas, les decimos que nos duele su dolor y nos desaf\u00eda a trabajar para que nuestros espacios eclesiales sean lugares en los que la vida se recibe, se va a buscar y se acompa\u00f1a creando esperanza. \u00a1Cuenten con nosotros!<\/p>\n<p>Nos parece oportuno renovar nuestro llamado a la sociedad, en su conjunto, a trabajar en una respuesta integral que atienda la complejidad de la problem\u00e1tica. Las adicciones no son un problema individual sino colectivo, y es desde lo colectivo que tenemos y podemos buscar los caminos para salir de esta larga noche en la que nos encontramos como Pueblo. La escuela, el club, la parroquia, el centro vecinal, los dispositivos de salud, los lugares de trabajo y tantas otras instancias presentes en la vida cotidiana y concreta de los muchachos y muchachas que crecen y viven en los barrios, pueden hacer mucho si se deciden a hacerlo y cuentan con el apoyo de un Estado que quiera dejar de estar ausente.<\/p>\n<p>En este d\u00eda y en este tiempo en el que en nuestra patria se est\u00e1 poniendo en tela de juicio la vida misma, desde la Comisi\u00f3n Nacional de Pastoral de Adicciones queremos renovar nuestro compromiso de \u00a1acompa\u00f1ar toda la vida y toda vida! Desde nuestra pastoral cotidiana vemos, con asombro, c\u00f3mo mujeres y ni\u00f1os, y tantos otros, que, habiendo ca\u00eddo en las adicciones, renacen a la esperanza cuando se las recibe, se las cuida y se camina junto a ellas. Vemos c\u00f3mo madres, despu\u00e9s de una larga historia de drogas, se reencuentran con sus hijos y reconocen en ellos la fuerza para salir adelante.<\/p>\n<p>Queremos invitar a todos los actores de la sociedad a que conozcan nuestros Centros Barriales, nuestros puntos de escucha, nuestros espacios preventivos que se distribuyen a lo largo y a lo ancho del pa\u00eds y cada vez son m\u00e1s; en ellos somos testigos del inmenso milagro de la vida que se reconstruye cuando es recibida como viene y se acompa\u00f1a cuerpo a cuerpo. Queremos invitar a la comunidad nacional a no buscar el camino f\u00e1cil, que siempre termina en el descarte de los pobres. Si realmente queremos ayudar a los m\u00e1s vulnerables, no profundicemos el descarte.<\/p>\n<p style=\"text-align: center\">\u00a1Elijamos toda vida y toda la vida!<\/p>\n<p>Comisi\u00f3n Nacional de Pastoral de Adicciones y Drogadependencia<\/p>\n<p>Conferencia Episcopal Argentina<\/p>\n","protected":false},"excerpt":{"rendered":"<p>Por Mons. Angelelli, Oraci\u00f3n de mi sacerdocio En este 26 de junio, \u201cD\u00eda Internacional de la Lucha contra el Uso<\/p>\n","protected":false},"author":3,"featured_media":0,"comment_status":"closed","ping_status":"closed","sticky":false,"template":"","format":"standard","meta":{"_acf_changed":false,"_seopress_robots_primary_cat":"","_seopress_titles_title":"","_seopress_titles_desc":"","_seopress_robots_index":"","colormag_page_container_layout":"default_layout","colormag_page_sidebar_layout":"default_layout","footnotes":""},"categories":[10],"tags":[],"class_list":["post-12904","post","type-post","status-publish","format-standard","hentry","category-opiniones"],"acf":[],"_links":{"self":[{"href":"https:\/\/vocesparalelas.com.ar\/sitio\/wp-json\/wp\/v2\/posts\/12904","targetHints":{"allow":["GET"]}}],"collection":[{"href":"https:\/\/vocesparalelas.com.ar\/sitio\/wp-json\/wp\/v2\/posts"}],"about":[{"href":"https:\/\/vocesparalelas.com.ar\/sitio\/wp-json\/wp\/v2\/types\/post"}],"author":[{"embeddable":true,"href":"https:\/\/vocesparalelas.com.ar\/sitio\/wp-json\/wp\/v2\/users\/3"}],"replies":[{"embeddable":true,"href":"https:\/\/vocesparalelas.com.ar\/sitio\/wp-json\/wp\/v2\/comments?post=12904"}],"version-history":[{"count":0,"href":"https:\/\/vocesparalelas.com.ar\/sitio\/wp-json\/wp\/v2\/posts\/12904\/revisions"}],"wp:attachment":[{"href":"https:\/\/vocesparalelas.com.ar\/sitio\/wp-json\/wp\/v2\/media?parent=12904"}],"wp:term":[{"taxonomy":"category","embeddable":true,"href":"https:\/\/vocesparalelas.com.ar\/sitio\/wp-json\/wp\/v2\/categories?post=12904"},{"taxonomy":"post_tag","embeddable":true,"href":"https:\/\/vocesparalelas.com.ar\/sitio\/wp-json\/wp\/v2\/tags?post=12904"}],"curies":[{"name":"wp","href":"https:\/\/api.w.org\/{rel}","templated":true}]}}