{"id":12900,"date":"2018-06-27T00:26:33","date_gmt":"2018-06-27T03:26:33","guid":{"rendered":"http:\/\/vocesparalelas.com.ar\/sitio\/?p=12900"},"modified":"2018-06-27T22:03:25","modified_gmt":"2018-06-28T01:03:25","slug":"concurso-mirame-san-juan","status":"publish","type":"post","link":"https:\/\/vocesparalelas.com.ar\/sitio\/concurso-mirame-san-juan\/","title":{"rendered":"Concurso #Mirame San Juan"},"content":{"rendered":"<p>En Casa de Gobierno se present\u00f3 el Concurso #Mirame San Juan, destinado a alumnos del tercer a\u00f1o secundario y apunta a la prevenci\u00f3n de adicciones en el marco del D\u00eda Internacional de la Lucha contra el Uso Indebido y el Tr\u00e1fico Il\u00edcito de Drogas.<\/p>\n<p>El gobernador de San Juan, Dr. Sergio U\u00f1ac, el vicegobernador, Dr. Marcelo Lima y los ministros de Gobierno, Dr. Emilio Baistrocchi; Desarrollo Humano y Promoci\u00f3n Social, Armando S\u00e1nchez; de Salud, Dra. Alejandra Venerando y de Turismo y Cultura, Lic. Claudia Grynszpan te invitan a participar.<\/p>\n<p><iframe loading=\"lazy\" width=\"800\" height=\"450\" src=\"https:\/\/www.youtube.com\/embed\/bvf3pBGsV3w?feature=oembed\" frameborder=\"0\" allow=\"autoplay; encrypted-media\" allowfullscreen><\/iframe><\/p>\n<p>Desde el 1 de Julio al 1 de Septiembre, tiene tiempo de presentar tu trabajo, siempre y cuando sean alumnos de 3\u00b0 a\u00f1o del Secundario e se involucra a todas las escuelas de San Juan.<\/p>\n<p>Debes grabar un video minuto en Instagram con el hashtag #Mirame y mostrar c\u00f3mo se involucran para luchar entre todos contra las adicciones. \u00abTodos podemos aportar nuestras miradas\u00bb dice el video promocional que invita a participar.<\/p>\n<p><span style=\"color: #ff00ff\"><strong>Para conocer m\u00e1s detalles, ingresar a la web<\/strong><\/span><\/p>\n<p><a href=\"http:\/\/www.miradas.sanjuan.gob.ar\">www.miradas.sanjuan.gob.ar<\/a><\/p>\n<p>Los premios para los ganadores consisten en viajes a Puerto Madryn, Carlos Paz y Barreal, un aula inform\u00e1tica y notebooks entre otros.<\/p>\n<p>Por ello, el ministro de Gobierno, Dr. Emilio Baistrocchi puntualiz\u00f3 el trabajo interministerial que surgi\u00f3 va m\u00e1s all\u00e1 del concurso, est\u00e1 relacionado con la participaci\u00f3n. Decime las cosas y voy a olvidarlas, ens\u00e9\u00f1amelas y las aprender\u00e9, haceme parte y voy a involucrarme.<\/p>\n<p><iframe loading=\"lazy\" width=\"800\" height=\"450\" src=\"https:\/\/www.youtube.com\/embed\/-NJVtouTFl0?start=6&#038;feature=oembed\" frameborder=\"0\" allow=\"autoplay; encrypted-media\" allowfullscreen><\/iframe><\/p>\n<p>Luego, el Gobernador de San Juan, Dr. Sergio U\u00f1ac remarc\u00f3 la importancia del concurso porque San Juan trabaja fuertemente contra la lucha contra el Uso Indebido y el Tr\u00e1fico Il\u00edcito de Drogas.<\/p>\n<p><iframe loading=\"lazy\" width=\"800\" height=\"450\" src=\"https:\/\/www.youtube.com\/embed\/pH8hfxluB_A?feature=oembed\" frameborder=\"0\" allow=\"autoplay; encrypted-media\" allowfullscreen><\/iframe><\/p>\n<p>&nbsp;<\/p>\n<p>&nbsp;<\/p>\n<p>&nbsp;<\/p>\n","protected":false},"excerpt":{"rendered":"<p>En Casa de Gobierno se present\u00f3 el Concurso #Mirame San Juan, destinado a alumnos del tercer a\u00f1o secundario y apunta<\/p>\n","protected":false},"author":3,"featured_media":12901,"comment_status":"closed","ping_status":"closed","sticky":false,"template":"","format":"video","meta":{"_acf_changed":false,"_seopress_robots_primary_cat":"","_seopress_titles_title":"","_seopress_titles_desc":"","_seopress_robots_index":"","colormag_page_container_layout":"default_layout","colormag_page_sidebar_layout":"default_layout","footnotes":""},"categories":[8,7],"tags":[],"class_list":["post-12900","post","type-post","status-publish","format-video","has-post-thumbnail","hentry","category-concursos","category-videos","post_format-post-format-video"],"acf":[],"_links":{"self":[{"href":"https:\/\/vocesparalelas.com.ar\/sitio\/wp-json\/wp\/v2\/posts\/12900","targetHints":{"allow":["GET"]}}],"collection":[{"href":"https:\/\/vocesparalelas.com.ar\/sitio\/wp-json\/wp\/v2\/posts"}],"about":[{"href":"https:\/\/vocesparalelas.com.ar\/sitio\/wp-json\/wp\/v2\/types\/post"}],"author":[{"embeddable":true,"href":"https:\/\/vocesparalelas.com.ar\/sitio\/wp-json\/wp\/v2\/users\/3"}],"replies":[{"embeddable":true,"href":"https:\/\/vocesparalelas.com.ar\/sitio\/wp-json\/wp\/v2\/comments?post=12900"}],"version-history":[{"count":0,"href":"https:\/\/vocesparalelas.com.ar\/sitio\/wp-json\/wp\/v2\/posts\/12900\/revisions"}],"wp:featuredmedia":[{"embeddable":true,"href":"https:\/\/vocesparalelas.com.ar\/sitio\/wp-json\/wp\/v2\/media\/12901"}],"wp:attachment":[{"href":"https:\/\/vocesparalelas.com.ar\/sitio\/wp-json\/wp\/v2\/media?parent=12900"}],"wp:term":[{"taxonomy":"category","embeddable":true,"href":"https:\/\/vocesparalelas.com.ar\/sitio\/wp-json\/wp\/v2\/categories?post=12900"},{"taxonomy":"post_tag","embeddable":true,"href":"https:\/\/vocesparalelas.com.ar\/sitio\/wp-json\/wp\/v2\/tags?post=12900"}],"curies":[{"name":"wp","href":"https:\/\/api.w.org\/{rel}","templated":true}]}}