{"id":12888,"date":"2018-06-26T22:19:11","date_gmt":"2018-06-27T01:19:11","guid":{"rendered":"http:\/\/vocesparalelas.com.ar\/sitio\/?p=12888"},"modified":"2018-06-27T21:42:38","modified_gmt":"2018-06-28T00:42:38","slug":"tecnicatura-universitaria-en-enfermeria-se-dicta-en-el-departamento-jachal","status":"publish","type":"post","link":"https:\/\/vocesparalelas.com.ar\/sitio\/tecnicatura-universitaria-en-enfermeria-se-dicta-en-el-departamento-jachal\/","title":{"rendered":"Tecnicatura Universitaria en Enfermer\u00eda se dicta en el Departamento J\u00e1chal"},"content":{"rendered":"<p>La Tecnicatura Universitaria en Enfermer\u00eda comenzar\u00e1 a dictarse en septiembre en aquel departamento. El cursillo, en Agosto.<\/p>\n<p>Los jachalleros ahora podr\u00e1n contar en su territorio con otra propuesta acad\u00e9mica de la UNSJ. En el d\u00eda de su aniversario, esta casa de altos estudios firm\u00f3 un acta complementaria junto al municipio de J\u00e1chal y los ministerios de Salud y de Miner\u00eda de la Provincia para la implementaci\u00f3n en aquel departamento de la Tecnicatura Universitaria en Enfermer\u00eda, cuyo t\u00edtulo es Enfermero universitario.<\/p>\n<p>Por ello, adem\u00e1s de autoridades provinciales, viaj\u00f3 al Departamento J\u00e1chal Lic. Ana Naranjo, directora de la Escuela Universitaria de Ciencias de la Salud, instituci\u00f3n de la UNSJ en la que se dicta la carrera de Enfermer\u00eda.<\/p>\n<p>El cursillo comienza a dictarse en Agosto y est\u00e1 previsto que la carrera comience en Septiembre, con un cupo para cincuenta alumnos.<\/p>\n<p>Seg\u00fan cl\u00e1usulas del acta firmada, el Ministerio de Salud P\u00fablica se compromete a contribuir con facilitar las instalaciones del Hospital y Centros de Salud del Departamento J\u00e1chal para asegurar a los alumnos las pr\u00e1cticas profesionales.<\/p>\n<p>La Intendencia del departamento facilita las instalaciones para concretar los espacios edilicios necesarios para el dictado de clases.<\/p>\n<p>El Ministerio de Miner\u00eda se compromete con el financiamiento de la primera cohorte de la carrera, y todos los gastos que esto implica.<\/p>\n<p><span style=\"color: #800000\"><strong>Inscripciones<\/strong><\/span><\/p>\n<p>Las inscripciones comienzan el Mi\u00e9rcoles, 27 de Junio y se extiende hasta el 6 de Julio. Los interesados deben ingresar en el sitio de la Delegaci\u00f3n Valles Sanjuaninos de la UNSJ, en <a href=\"https:\/\/bit.ly\/2ItaMZG\">https:\/\/bit.ly\/2ItaMZG<\/a><\/p>\n<p><span style=\"color: #800000\"><strong>Para ingresar<\/strong><\/span><\/p>\n<p>Deben ir al sitio de la UNSJ,<\/p>\n<p><a href=\"http:\/\/www.unsj.edu.ar\">www.unsj.edu.ar<\/a><\/p>\n<p>y clickear en la pesta\u00f1a INSTITUCIONAL.<\/p>\n<p>Hay un cupo de 50 ingresantes para cursar esta tecnicatura. Quienes luego deseen seguir cursando las materias restantes para obtener la Licenciatura en Enfermer\u00eda, deber\u00e1n trasladarse hasta Albard\u00f3n, donde funciona el edificio de la Escuela Universitaria de Ciencias de la Salud de la UNSJ.<\/p>\n<p>El coordinador Acad\u00e9mico de la Delegaci\u00f3n de Valles Sanjuaninos, en J\u00e1chal, es Lic. Jorge Catnich. El mail es <a href=\"mailto:jcatnich@yahoo.com.ar\">jcatnich@yahoo.com.ar<\/a><\/p>\n<p>El mail de la Delegaci\u00f3n es <a href=\"mailto:vallessanjuaninos@unsj.edu.ar\">vallessanjuaninos@unsj.edu.ar<\/a><\/p>\n<p>Tel\u00e9fono: 264 6221046<\/p>\n","protected":false},"excerpt":{"rendered":"<p>La Tecnicatura Universitaria en Enfermer\u00eda comenzar\u00e1 a dictarse en septiembre en aquel departamento. El cursillo, en Agosto. Los jachalleros ahora<\/p>\n","protected":false},"author":3,"featured_media":12889,"comment_status":"closed","ping_status":"closed","sticky":false,"template":"","format":"standard","meta":{"_acf_changed":false,"_seopress_robots_primary_cat":"","_seopress_titles_title":"","_seopress_titles_desc":"","_seopress_robots_index":"","colormag_page_container_layout":"default_layout","colormag_page_sidebar_layout":"default_layout","footnotes":""},"categories":[9],"tags":[],"class_list":["post-12888","post","type-post","status-publish","format-standard","has-post-thumbnail","hentry","category-cursos"],"acf":[],"_links":{"self":[{"href":"https:\/\/vocesparalelas.com.ar\/sitio\/wp-json\/wp\/v2\/posts\/12888","targetHints":{"allow":["GET"]}}],"collection":[{"href":"https:\/\/vocesparalelas.com.ar\/sitio\/wp-json\/wp\/v2\/posts"}],"about":[{"href":"https:\/\/vocesparalelas.com.ar\/sitio\/wp-json\/wp\/v2\/types\/post"}],"author":[{"embeddable":true,"href":"https:\/\/vocesparalelas.com.ar\/sitio\/wp-json\/wp\/v2\/users\/3"}],"replies":[{"embeddable":true,"href":"https:\/\/vocesparalelas.com.ar\/sitio\/wp-json\/wp\/v2\/comments?post=12888"}],"version-history":[{"count":0,"href":"https:\/\/vocesparalelas.com.ar\/sitio\/wp-json\/wp\/v2\/posts\/12888\/revisions"}],"wp:featuredmedia":[{"embeddable":true,"href":"https:\/\/vocesparalelas.com.ar\/sitio\/wp-json\/wp\/v2\/media\/12889"}],"wp:attachment":[{"href":"https:\/\/vocesparalelas.com.ar\/sitio\/wp-json\/wp\/v2\/media?parent=12888"}],"wp:term":[{"taxonomy":"category","embeddable":true,"href":"https:\/\/vocesparalelas.com.ar\/sitio\/wp-json\/wp\/v2\/categories?post=12888"},{"taxonomy":"post_tag","embeddable":true,"href":"https:\/\/vocesparalelas.com.ar\/sitio\/wp-json\/wp\/v2\/tags?post=12888"}],"curies":[{"name":"wp","href":"https:\/\/api.w.org\/{rel}","templated":true}]}}