{"id":12882,"date":"2018-06-26T21:47:54","date_gmt":"2018-06-27T00:47:54","guid":{"rendered":"http:\/\/vocesparalelas.com.ar\/sitio\/?p=12882"},"modified":"2018-06-26T23:54:28","modified_gmt":"2018-06-27T02:54:28","slug":"el-consejo-de-profesionales-de-hst-presentes-en-el-simulacro-de-casa-rosada","status":"publish","type":"post","link":"https:\/\/vocesparalelas.com.ar\/sitio\/el-consejo-de-profesionales-de-hst-presentes-en-el-simulacro-de-casa-rosada\/","title":{"rendered":"El Consejo de Profesionales de HST presentes en el Simulacro de Casa Rosada"},"content":{"rendered":"<p>El S\u00e1bado, 23 de Junio, desde la Secretar\u00eda General de la Presidencia de la Naci\u00f3n, se organiz\u00f3 el 2\u00b0 Simulacro de Evacuaci\u00f3n y Emergencia en la historia de Casa Rosada.<\/p>\n<p>Por tal motivo, se invit\u00f3 a participar al Consejo de Profesionales de Higiene y Seguridad en el Trabajo de la Provincia de San Juan. Esto se debe a que esta instituci\u00f3n es la primera en el pa\u00eds que congrega a los Licenciados en Higiene y Seguridad en el Trabajo.<\/p>\n<p>Al evento asisti\u00f3 su Presidente, Lic. Maximiliano Moreno, quien particip\u00f3 como veedor del ejercicio junto a los colegas de las Comisiones Promotoras de los Consejos de Bs. As., C\u00f3rdoba, CABA, integrantes todos del Consejo Federal de Seguridad e Higiene \u2013 COFESH -, como as\u00ed tambi\u00e9n de representantes del IRAM, la ANAC, SRT, entre otras instituciones.<\/p>\n<figure id=\"attachment_12884\" aria-describedby=\"caption-attachment-12884\" style=\"width: 323px\" class=\"wp-caption aligncenter\"><img loading=\"lazy\" decoding=\"async\" class=\" wp-image-12884\" src=\"https:\/\/vocesparalelas.com.ar\/sitio\/wp-content\/uploads\/2018\/06\/SIMULACRO-CASA-ROSADA-05.jpg\" alt=\"\" width=\"323\" height=\"431\" srcset=\"https:\/\/vocesparalelas.com.ar\/sitio\/wp-content\/uploads\/2018\/06\/SIMULACRO-CASA-ROSADA-05.jpg 768w, https:\/\/vocesparalelas.com.ar\/sitio\/wp-content\/uploads\/2018\/06\/SIMULACRO-CASA-ROSADA-05-225x300.jpg 225w, https:\/\/vocesparalelas.com.ar\/sitio\/wp-content\/uploads\/2018\/06\/SIMULACRO-CASA-ROSADA-05-600x800.jpg 600w\" sizes=\"auto, (max-width: 323px) 100vw, 323px\" \/><figcaption id=\"caption-attachment-12884\" class=\"wp-caption-text\">Lic. Maximiliano Moreno (SJ), Lic. Ariel P\u00e9rez, Lic. Lorenzo G\u00f3mez (Bs.As) y el Lic. Gustavo Manno (Cba)<\/figcaption><\/figure>\n<p>La hip\u00f3tesis del Simulacro fue un accidente del helic\u00f3ptero presidencial con posterior incendio, eso activ\u00f3 el procedimiento correspondiente, dando intervenci\u00f3n a Casa Militar, Agrupaci\u00f3n A\u00e9rea, Granaderos, PFA, Secretar\u00eda de Protecci\u00f3n Civil del Ministerio de Seguridad y Superintendencia Federal de Bomberos.<\/p>\n<p><iframe loading=\"lazy\" width=\"800\" height=\"450\" src=\"https:\/\/www.youtube.com\/embed\/gT42ZjGgABQ?feature=oembed\" frameborder=\"0\" allow=\"autoplay; encrypted-media\" allowfullscreen><\/iframe><\/p>\n<p>Esta actividad se desarroll\u00f3 debido a la puesta en funcionamiento del nuevo Plan de Emergencia y Evacuaci\u00f3n de la Casa de Gobierno, dise\u00f1ado por la Direcci\u00f3n Nacional de Higiene, Seguridad y Medio Ambiente a cargo del Lic. Ariel O. P\u00e9rez, que cont\u00f3 con su 1\u00b0 Simulacro el pasado mes de Marzo y consisti\u00f3 en una evacuaci\u00f3n de la totalidad del personal que cumple tareas en dicho lugar.<\/p>\n<p><iframe loading=\"lazy\" width=\"800\" height=\"450\" src=\"https:\/\/www.youtube.com\/embed\/UjE91AjAwZ4?feature=oembed\" frameborder=\"0\" allow=\"autoplay; encrypted-media\" allowfullscreen><\/iframe><\/p>\n<p>Es importante destacar, que el Consejo de Profesionales de HST de San Juan se cre\u00f3 por Ley en el mes de Noviembre de 2016, y tiene como finalidad el control de ejercicio profesional en todo el \u00e1mbito de la Provincia de San Juan.<\/p>\n<p>En la actualidad el Consejo Directivo del CPHSTSJ est\u00e1 compuesto por Lic. Maximiliano Moreno (Presidente), Lic. Mart\u00edn Sarmiento (Vicepresidente), Lic. Eduardo Ibiza (Secretario), Lic. Norberto Jimenes (Tesorero), Lic. Ra\u00fal Gil Carrascosa (Vicepresidente 1\u00b0), Lic. Gabriela Iragorre y Lic. Jorge G\u00f3mez (Vocales).<\/p>\n<p><img loading=\"lazy\" decoding=\"async\" class=\"alignnone size-full wp-image-12886\" src=\"https:\/\/vocesparalelas.com.ar\/sitio\/wp-content\/uploads\/2018\/06\/SIMULACRO-CASA-ROSADA-03.jpg\" alt=\"\" width=\"1000\" height=\"750\" srcset=\"https:\/\/vocesparalelas.com.ar\/sitio\/wp-content\/uploads\/2018\/06\/SIMULACRO-CASA-ROSADA-03.jpg 1000w, https:\/\/vocesparalelas.com.ar\/sitio\/wp-content\/uploads\/2018\/06\/SIMULACRO-CASA-ROSADA-03-300x225.jpg 300w, https:\/\/vocesparalelas.com.ar\/sitio\/wp-content\/uploads\/2018\/06\/SIMULACRO-CASA-ROSADA-03-768x576.jpg 768w, https:\/\/vocesparalelas.com.ar\/sitio\/wp-content\/uploads\/2018\/06\/SIMULACRO-CASA-ROSADA-03-800x600.jpg 800w\" sizes=\"auto, (max-width: 1000px) 100vw, 1000px\" \/><\/p>\n<p><img loading=\"lazy\" decoding=\"async\" class=\"alignnone size-full wp-image-12885\" src=\"https:\/\/vocesparalelas.com.ar\/sitio\/wp-content\/uploads\/2018\/06\/SIMULACRO-CASA-ROSADA-02.jpg\" alt=\"\" width=\"1000\" height=\"750\" srcset=\"https:\/\/vocesparalelas.com.ar\/sitio\/wp-content\/uploads\/2018\/06\/SIMULACRO-CASA-ROSADA-02.jpg 1000w, https:\/\/vocesparalelas.com.ar\/sitio\/wp-content\/uploads\/2018\/06\/SIMULACRO-CASA-ROSADA-02-300x225.jpg 300w, https:\/\/vocesparalelas.com.ar\/sitio\/wp-content\/uploads\/2018\/06\/SIMULACRO-CASA-ROSADA-02-768x576.jpg 768w, https:\/\/vocesparalelas.com.ar\/sitio\/wp-content\/uploads\/2018\/06\/SIMULACRO-CASA-ROSADA-02-800x600.jpg 800w\" sizes=\"auto, (max-width: 1000px) 100vw, 1000px\" \/><\/p>\n<p>&nbsp;<\/p>\n<p>&nbsp;<\/p>\n","protected":false},"excerpt":{"rendered":"<p>El S\u00e1bado, 23 de Junio, desde la Secretar\u00eda General de la Presidencia de la Naci\u00f3n, se organiz\u00f3 el 2\u00b0 Simulacro<\/p>\n","protected":false},"author":3,"featured_media":12883,"comment_status":"closed","ping_status":"closed","sticky":false,"template":"","format":"video","meta":{"_acf_changed":false,"_seopress_robots_primary_cat":"","_seopress_titles_title":"","_seopress_titles_desc":"","_seopress_robots_index":"","colormag_page_container_layout":"default_layout","colormag_page_sidebar_layout":"default_layout","footnotes":""},"categories":[1,7],"tags":[],"class_list":["post-12882","post","type-post","status-publish","format-video","has-post-thumbnail","hentry","category-destacadas","category-videos","post_format-post-format-video"],"acf":[],"_links":{"self":[{"href":"https:\/\/vocesparalelas.com.ar\/sitio\/wp-json\/wp\/v2\/posts\/12882","targetHints":{"allow":["GET"]}}],"collection":[{"href":"https:\/\/vocesparalelas.com.ar\/sitio\/wp-json\/wp\/v2\/posts"}],"about":[{"href":"https:\/\/vocesparalelas.com.ar\/sitio\/wp-json\/wp\/v2\/types\/post"}],"author":[{"embeddable":true,"href":"https:\/\/vocesparalelas.com.ar\/sitio\/wp-json\/wp\/v2\/users\/3"}],"replies":[{"embeddable":true,"href":"https:\/\/vocesparalelas.com.ar\/sitio\/wp-json\/wp\/v2\/comments?post=12882"}],"version-history":[{"count":0,"href":"https:\/\/vocesparalelas.com.ar\/sitio\/wp-json\/wp\/v2\/posts\/12882\/revisions"}],"wp:featuredmedia":[{"embeddable":true,"href":"https:\/\/vocesparalelas.com.ar\/sitio\/wp-json\/wp\/v2\/media\/12883"}],"wp:attachment":[{"href":"https:\/\/vocesparalelas.com.ar\/sitio\/wp-json\/wp\/v2\/media?parent=12882"}],"wp:term":[{"taxonomy":"category","embeddable":true,"href":"https:\/\/vocesparalelas.com.ar\/sitio\/wp-json\/wp\/v2\/categories?post=12882"},{"taxonomy":"post_tag","embeddable":true,"href":"https:\/\/vocesparalelas.com.ar\/sitio\/wp-json\/wp\/v2\/tags?post=12882"}],"curies":[{"name":"wp","href":"https:\/\/api.w.org\/{rel}","templated":true}]}}