{"id":12870,"date":"2018-06-26T19:42:43","date_gmt":"2018-06-26T22:42:43","guid":{"rendered":"http:\/\/vocesparalelas.com.ar\/sitio\/?p=12870"},"modified":"2018-06-27T21:49:12","modified_gmt":"2018-06-28T00:49:12","slug":"san-juan-lanzo-3-lineas-de-creditos-para-incentivar-la-generacion-de-empleo-y-el-consumo","status":"publish","type":"post","link":"https:\/\/vocesparalelas.com.ar\/sitio\/san-juan-lanzo-3-lineas-de-creditos-para-incentivar-la-generacion-de-empleo-y-el-consumo\/","title":{"rendered":"San Juan lanz\u00f3 3 L\u00edneas de cr\u00e9ditos para incentivar la generaci\u00f3n de empleo y el consumo"},"content":{"rendered":"<p>El Gobierno de San Juan, el Banco de San Juan y el Ministerio de Producci\u00f3n y Desarrollo Econ\u00f3mico firmaron convenios para el lanzamiento de l\u00edneas de cr\u00e9dito con tasa subsidiada para inversi\u00f3n, capital de trabajo y consumo.<\/p>\n<p>El acto tuvo lugar en Sala Colombo de Casa de Gobierno y fue encabezado por el gobernador Dr. Sergio U\u00f1ac, acompa\u00f1ado por los ministros de Hacienda y Finanzas, CPN Roberto Gattoni; y de Producci\u00f3n y Desarrollo Econ\u00f3mico, Lic. Andr\u00e9s D\u00edaz Cano; el diputado nacional Walberto Allende; el presidente del Banco San Juan, Sebasti\u00e1n Eskenazi; la gerente general, CPN Silvina Belantig; los directores Dra. Marina Riofrio y Ra\u00fal Catapano, y autoridades del entidad financiera, as\u00ed como referentes empresarios, entre ellos Ing. Hugo Goransky, presidente de la UISJ; Hermes Rodr\u00edguez, presidente de la C\u00e1mara de Comercio; Enrique Velazco, presidente de la C\u00e1mara Argentina de la Construcci\u00f3n filial San Juan; Ing. Jaime Berg\u00e9, presidente de la C\u00e1mara Minera; Juan Jos\u00e9 Ramos, titular de la federaci\u00f3n de Vi\u00f1ateros; Guillermo Cabrera, titular de la CAME filial San Juan; Eduardo Garc\u00e9s, presidente de la Federaci\u00f3n de Vi\u00f1ateros Independientes y Rolando P\u00e9rez, presidente de la C\u00e1mara de Producci\u00f3n, Empaque y Comercio Fruto y Hort\u00edcola de San Juan.<\/p>\n<p>Para dar a conocer detalles de cada una de las l\u00edneas, la gerente general del Banco San Juan, CPN Silvina Bellantig, se refiri\u00f3 a las herramientas financieras destinadas a acompa\u00f1ar el desarrollo provincial.<\/p>\n<p><iframe loading=\"lazy\" width=\"800\" height=\"450\" src=\"https:\/\/www.youtube.com\/embed\/R9RD9KJAZA8?feature=oembed\" frameborder=\"0\" allow=\"autoplay; encrypted-media\" allowfullscreen><\/iframe><\/p>\n<p>Luego, el ministro de Hacienda y Finanzas, CPN Roberto Gattoni, destac\u00f3 la importancia de las l\u00edneas de cr\u00e9dito que se relacionan con la estabilidad y equilibrio presupuestarios de la provincia.<\/p>\n<p><iframe loading=\"lazy\" width=\"800\" height=\"450\" src=\"https:\/\/www.youtube.com\/embed\/j4Ocn3AetwM?feature=oembed\" frameborder=\"0\" allow=\"autoplay; encrypted-media\" allowfullscreen><\/iframe><\/p>\n<p>Posteriormente, el Presidente del Banco de San Juan, Sebasti\u00e1n Eskenazi, quien expres\u00f3 que el Banco es una herramienta fundamental para la Provincia y viceversa.<\/p>\n<p><iframe loading=\"lazy\" width=\"800\" height=\"450\" src=\"https:\/\/www.youtube.com\/embed\/FbQFVGDiFqw?feature=oembed\" frameborder=\"0\" allow=\"autoplay; encrypted-media\" allowfullscreen><\/iframe><\/p>\n<p>Fue el momento, en que las autoridades firmaron el convenio de cooperaci\u00f3n para otorgar las tres L\u00ednea cr\u00e9ditos.<\/p>\n<figure id=\"attachment_12871\" aria-describedby=\"caption-attachment-12871\" style=\"width: 1000px\" class=\"wp-caption alignnone\"><img loading=\"lazy\" decoding=\"async\" class=\"size-full wp-image-12871\" src=\"https:\/\/vocesparalelas.com.ar\/sitio\/wp-content\/uploads\/2018\/06\/BSJ-CREDITOS-04.jpg\" alt=\"\" width=\"1000\" height=\"667\" srcset=\"https:\/\/vocesparalelas.com.ar\/sitio\/wp-content\/uploads\/2018\/06\/BSJ-CREDITOS-04.jpg 1000w, https:\/\/vocesparalelas.com.ar\/sitio\/wp-content\/uploads\/2018\/06\/BSJ-CREDITOS-04-300x200.jpg 300w, https:\/\/vocesparalelas.com.ar\/sitio\/wp-content\/uploads\/2018\/06\/BSJ-CREDITOS-04-768x512.jpg 768w, https:\/\/vocesparalelas.com.ar\/sitio\/wp-content\/uploads\/2018\/06\/BSJ-CREDITOS-04-800x534.jpg 800w\" sizes=\"auto, (max-width: 1000px) 100vw, 1000px\" \/><figcaption id=\"caption-attachment-12871\" class=\"wp-caption-text\">Firm\u00f3 el Ministro de Hacienda y Finanzas, CPN Roberto Gattoni<\/figcaption><\/figure>\n<p>&nbsp;<\/p>\n<figure id=\"attachment_12874\" aria-describedby=\"caption-attachment-12874\" style=\"width: 1000px\" class=\"wp-caption alignnone\"><img loading=\"lazy\" decoding=\"async\" class=\"size-full wp-image-12874\" src=\"https:\/\/vocesparalelas.com.ar\/sitio\/wp-content\/uploads\/2018\/06\/BSJ-CREDITOS-03.jpg\" alt=\"\" width=\"1000\" height=\"667\" srcset=\"https:\/\/vocesparalelas.com.ar\/sitio\/wp-content\/uploads\/2018\/06\/BSJ-CREDITOS-03.jpg 1000w, https:\/\/vocesparalelas.com.ar\/sitio\/wp-content\/uploads\/2018\/06\/BSJ-CREDITOS-03-300x200.jpg 300w, https:\/\/vocesparalelas.com.ar\/sitio\/wp-content\/uploads\/2018\/06\/BSJ-CREDITOS-03-768x512.jpg 768w, https:\/\/vocesparalelas.com.ar\/sitio\/wp-content\/uploads\/2018\/06\/BSJ-CREDITOS-03-800x534.jpg 800w\" sizes=\"auto, (max-width: 1000px) 100vw, 1000px\" \/><figcaption id=\"caption-attachment-12874\" class=\"wp-caption-text\">Firm\u00f3 el Presidente del Banco de San Juan, Sebasti\u00e1n Eskenazi<\/figcaption><\/figure>\n<p>&nbsp;<\/p>\n<figure id=\"attachment_12873\" aria-describedby=\"caption-attachment-12873\" style=\"width: 1000px\" class=\"wp-caption alignnone\"><img loading=\"lazy\" decoding=\"async\" class=\"size-full wp-image-12873\" src=\"https:\/\/vocesparalelas.com.ar\/sitio\/wp-content\/uploads\/2018\/06\/BSJ-CREDITOS-02.jpg\" alt=\"\" width=\"1000\" height=\"667\" srcset=\"https:\/\/vocesparalelas.com.ar\/sitio\/wp-content\/uploads\/2018\/06\/BSJ-CREDITOS-02.jpg 1000w, https:\/\/vocesparalelas.com.ar\/sitio\/wp-content\/uploads\/2018\/06\/BSJ-CREDITOS-02-300x200.jpg 300w, https:\/\/vocesparalelas.com.ar\/sitio\/wp-content\/uploads\/2018\/06\/BSJ-CREDITOS-02-768x512.jpg 768w, https:\/\/vocesparalelas.com.ar\/sitio\/wp-content\/uploads\/2018\/06\/BSJ-CREDITOS-02-800x534.jpg 800w\" sizes=\"auto, (max-width: 1000px) 100vw, 1000px\" \/><figcaption id=\"caption-attachment-12873\" class=\"wp-caption-text\">Firm\u00f3 el Gobernador de San Juan, Dr. Sergio U\u00f1ac<\/figcaption><\/figure>\n<p>&nbsp;<\/p>\n<p>Finalmente, el Gobernador de San Juan, Dr. Sergio U\u00f1ac hizo referencia del trabajo conjunto entre la Unidad Crediticia Privada y el Gobierno de San Juan.<\/p>\n<p><iframe loading=\"lazy\" width=\"800\" height=\"450\" src=\"https:\/\/www.youtube.com\/embed\/OXXP6jVROTE?feature=oembed\" frameborder=\"0\" allow=\"autoplay; encrypted-media\" allowfullscreen><\/iframe><\/p>\n<p><span style=\"color: #800080\"><strong>Las L\u00edneas de Cr\u00e9ditos<\/strong><\/span><\/p>\n<p><span style=\"color: #800080\"><strong>1) L\u00ednea Global,<\/strong> <\/span>en un segundo tramo, para promoci\u00f3n de inversi\u00f3n productiva y empleo: Son unos 250 millones de pesos, destinados a financiar la compra de bienes de capital, a tasa fija del 19,90% anual de tope. El pr\u00e9stamo tiene un plazo de 36 meses en cuotas iguales.\u00a0 El tope de esta l\u00ednea es de hasta $15.000.000 y su vigencia es hasta el 31 de diciembre de 2018.<\/p>\n<p><strong><span style=\"color: #800080\">2) L\u00ednea de cr\u00e9dito Capital de Trabajo:<\/span><\/strong> Es novedosa y acompa\u00f1a el dinamismo de la provincia y est\u00e1 hecha contemplando Pymes y la continuidad del flujo de trabajo. Tiene como destino la compra de capital de trabajo mediante el descuento de cheques. El monto ronda sobre los $300.000.000 millones de pesos.<\/p>\n<p><strong><span style=\"color: #800080\">3) L\u00ednea para consumo:<\/span> <\/strong>Est\u00e1 destinada a financiar la compra con tarjetas de cr\u00e9dito del banco San Juan en 10 cuotas sin inter\u00e9s. El gobierno va a cofinanciar una l\u00ednea con la intenci\u00f3n de mejorar el consumo, porque suponen que van a venir meses dif\u00edciles y quieren dar alguna facilidad para financiarse en cuotas. El gobierno pretende dinamizar el consumo de la provincia a trav\u00e9s de los portadores de tarjetas de cr\u00e9dito del banco, quienes podr\u00e1n comprar con las promociones establecidas por la entidad financiera con el comercio provincial, sino que tendr\u00e1n la oportunidad de hacerlo hasta en 10 cuotas sin inter\u00e9s, con cero costos para clientes y comerciantes. La promoci\u00f3n dura 90 d\u00edas y se invita a los comercios que no est\u00e9n adheridos a pasar por el banco para informarse \u201cpara redundar en beneficio de la gente y del comerciante. Queremos facilitar los tr\u00e1mites y hacerlo por v\u00eda digital para Pymes y clientes. Son buenas herramientas de financiaci\u00f3n para estimular el desarrollo econ\u00f3mico de la provincia.<\/p>\n<p>&nbsp;<\/p>\n<p>&nbsp;<\/p>\n<p>&nbsp;<\/p>\n<p>&nbsp;<\/p>\n<p>&nbsp;<\/p>\n<p>&nbsp;<\/p>\n<p>&nbsp;<\/p>\n","protected":false},"excerpt":{"rendered":"<p>El Gobierno de San Juan, el Banco de San Juan y el Ministerio de Producci\u00f3n y Desarrollo Econ\u00f3mico firmaron convenios<\/p>\n","protected":false},"author":3,"featured_media":12872,"comment_status":"closed","ping_status":"closed","sticky":false,"template":"","format":"video","meta":{"_acf_changed":false,"_seopress_robots_primary_cat":"","_seopress_titles_title":"","_seopress_titles_desc":"","_seopress_robots_index":"","colormag_page_container_layout":"default_layout","colormag_page_sidebar_layout":"default_layout","footnotes":""},"categories":[2,7],"tags":[],"class_list":["post-12870","post","type-post","status-publish","format-video","has-post-thumbnail","hentry","category-convocatorias","category-videos","post_format-post-format-video"],"acf":[],"_links":{"self":[{"href":"https:\/\/vocesparalelas.com.ar\/sitio\/wp-json\/wp\/v2\/posts\/12870","targetHints":{"allow":["GET"]}}],"collection":[{"href":"https:\/\/vocesparalelas.com.ar\/sitio\/wp-json\/wp\/v2\/posts"}],"about":[{"href":"https:\/\/vocesparalelas.com.ar\/sitio\/wp-json\/wp\/v2\/types\/post"}],"author":[{"embeddable":true,"href":"https:\/\/vocesparalelas.com.ar\/sitio\/wp-json\/wp\/v2\/users\/3"}],"replies":[{"embeddable":true,"href":"https:\/\/vocesparalelas.com.ar\/sitio\/wp-json\/wp\/v2\/comments?post=12870"}],"version-history":[{"count":0,"href":"https:\/\/vocesparalelas.com.ar\/sitio\/wp-json\/wp\/v2\/posts\/12870\/revisions"}],"wp:featuredmedia":[{"embeddable":true,"href":"https:\/\/vocesparalelas.com.ar\/sitio\/wp-json\/wp\/v2\/media\/12872"}],"wp:attachment":[{"href":"https:\/\/vocesparalelas.com.ar\/sitio\/wp-json\/wp\/v2\/media?parent=12870"}],"wp:term":[{"taxonomy":"category","embeddable":true,"href":"https:\/\/vocesparalelas.com.ar\/sitio\/wp-json\/wp\/v2\/categories?post=12870"},{"taxonomy":"post_tag","embeddable":true,"href":"https:\/\/vocesparalelas.com.ar\/sitio\/wp-json\/wp\/v2\/tags?post=12870"}],"curies":[{"name":"wp","href":"https:\/\/api.w.org\/{rel}","templated":true}]}}