{"id":12863,"date":"2018-06-26T17:48:27","date_gmt":"2018-06-26T20:48:27","guid":{"rendered":"http:\/\/vocesparalelas.com.ar\/sitio\/?p=12863"},"modified":"2018-06-27T22:04:59","modified_gmt":"2018-06-28T01:04:59","slug":"atencion-interesados-a-cubrir-horas-de-nivel-superior-a-termino-en-el-ines","status":"publish","type":"post","link":"https:\/\/vocesparalelas.com.ar\/sitio\/atencion-interesados-a-cubrir-horas-de-nivel-superior-a-termino-en-el-ines\/","title":{"rendered":"Atenci\u00f3n interesados a cubrir horas de Nivel Superior a T\u00e9rmino en el INES"},"content":{"rendered":"<p>La Direcci\u00f3n de la Unidad Educativa de Instituto de Ense\u00f1anza Superior \u201cDra. Carmen Pe\u00f1aloza\u201d, convoca para el 03 y 04 de Julio, de 17:30 a 20:00 hs.; a todos los aspirantes y\/o interesados a cubrir horas de Nivel Superior a T\u00e9rmino, para la presentaci\u00f3n de carpetas con CV y antecedentes.<\/p>\n<p>Sede:\u00a0 I.N.E.S. \u201cDra. Carmen Pe\u00f1aloza\u201d Mendoza y San Luis &#8211; Capital, Tel\u00e9fono:\u00a0 4307803.-<\/p>\n<p><span style=\"color: #339966\"><strong>N\u00f3mina de Horas<\/strong><\/span><\/p>\n<ul>\n<li><strong><span style=\"color: #339966\">Espacio Curricular: Inform\u00e1tica<\/span> <\/strong>\u2013 Turno: Ma\u00f1ana y Tarde, Viernes y S\u00e1bado \u2013 05 \u00bd hs. reloj &#8211; car\u00e1cter contratado \u2013 Nivel Superior \u2013 Motivo: Resoluci\u00f3n N\u00ba 7049-ME-15 \/y Resoluci\u00f3n N\u00ba CFE N\u00ba 64\/08 \u2013 Anexo II, Res. N\u00b0 147\/11.<\/li>\n<li><span style=\"color: #339966\"><strong>Espacio Curricular: Nanotecnolog\u00eda<\/strong><\/span> \u2013 Turno: Ma\u00f1ana y Tarde, Viernes y S\u00e1bado \u2013 04 hs. reloj car\u00e1cter contratado \u2013 Nivel Superior \u2013 Motivo: Resoluci\u00f3n N\u00ba 7049-ME-15 \/y Resoluci\u00f3n N\u00ba CFE N\u00ba 64\/08 \u2013 Anexo II, Res. N\u00b0 147\/11.<\/li>\n<li><strong><span style=\"color: #339966\">Espacio Curricular: Sociolog\u00eda de las Instituciones<\/span> <\/strong>\u2013 Turno: Ma\u00f1ana y Tarde, Viernes y S\u00e1bado \u2013 05 hs. reloj car\u00e1cter contratado \u2013 Nivel Superior \u2013 Motivo: Resoluci\u00f3n N\u00ba 7049-ME-15 \/y Resoluci\u00f3n N\u00ba CFE N\u00ba 64\/08 \u2013 Anexo II, Res. N\u00b0 147\/11.<\/li>\n<li><span style=\"color: #339966\"><strong>Espacio Curricular: Higiene y Seguridad<\/strong> <\/span>\u2013 Turno: Ma\u00f1ana y Tarde, Viernes y S\u00e1bado \u2013 04 hs. reloj &#8211; car\u00e1cter contratado \u2013 Nivel Superior \u2013 Motivo: Resoluci\u00f3n N\u00ba 7049-ME-15 \/y Resoluci\u00f3n N\u00ba CFE N\u00ba 64\/08 \u2013 Anexo II, Res. N\u00b0 147\/11.-<\/li>\n<li><strong><span style=\"color: #339966\">Espacio Curricular: Pr\u00e1ctica Profesional Nivel V<\/span> <\/strong>\u2013 Turno: Ma\u00f1ana y Tarde, Viernes y S\u00e1bado \u2013 04 hs. reloj &#8211; car\u00e1cter contratado \u2013 Nivel Superior \u2013 Motivo: Resoluci\u00f3n N\u00ba 7049-ME-15 \/y Resoluci\u00f3n N\u00ba CFE N\u00ba 64\/08 \u2013 Anexo II, Res. N\u00b0 147\/11.<\/li>\n<li><strong><span style=\"color: #339966\">Espacio Curricular: Microemprendimientos<\/span> <\/strong>\u2013 Turno: Ma\u00f1ana y Tarde, Viernes y S\u00e1bado \u2013 04 hs. reloj &#8211; car\u00e1cter contratado \u2013 Nivel Superior \u2013 Motivo: Resoluci\u00f3n N\u00ba 7049-ME-15 \/y Resoluci\u00f3n N\u00ba CFE N\u00ba 64\/08 \u2013 Anexo II, Res. N\u00b0 147\/11.<\/li>\n<li><strong><span style=\"color: #339966\">Espacio Curricular: Normas Contables<\/span><\/strong> \u2013 Turno: Ma\u00f1ana y Tarde, Viernes y S\u00e1bado \u2013 05 \u00bd hs. reloj &#8211; car\u00e1cter contratado \u2013 Nivel Superior \u2013 Motivo: Resoluci\u00f3n N\u00ba 7049-ME-15 \/y Resoluci\u00f3n N\u00ba CFE N\u00ba 64\/08 \u2013 Anexo II, Res. N\u00b0 147\/11.<\/li>\n<li><strong><span style=\"color: #339966\">Espacio Curricular: Inform\u00e1tica Aplicada a la Gesti\u00f3n<\/span> <\/strong>\u2013 Turno: Ma\u00f1ana y Tarde, Viernes y S\u00e1bado \u2013 04 hs. reloj car\u00e1cter contratado \u2013 Nivel Superior \u2013 Motivo: Resoluci\u00f3n N\u00ba 7049-ME-15 \/y Resoluci\u00f3n N\u00ba CFE N\u00ba 64\/08 \u2013 Anexo II, Res. N\u00b0 147\/11.<\/li>\n<\/ul>\n<p>&nbsp;<\/p>\n<p>&nbsp;<\/p>\n<p>&nbsp;<\/p>\n","protected":false},"excerpt":{"rendered":"<p>La Direcci\u00f3n de la Unidad Educativa de Instituto de Ense\u00f1anza Superior \u201cDra. Carmen Pe\u00f1aloza\u201d, convoca para el 03 y 04<\/p>\n","protected":false},"author":3,"featured_media":12864,"comment_status":"closed","ping_status":"closed","sticky":false,"template":"","format":"standard","meta":{"_acf_changed":false,"_seopress_robots_primary_cat":"","_seopress_titles_title":"","_seopress_titles_desc":"","_seopress_robots_index":"","colormag_page_container_layout":"default_layout","colormag_page_sidebar_layout":"default_layout","footnotes":""},"categories":[5],"tags":[],"class_list":["post-12863","post","type-post","status-publish","format-standard","has-post-thumbnail","hentry","category-ofrecimientos"],"acf":[],"_links":{"self":[{"href":"https:\/\/vocesparalelas.com.ar\/sitio\/wp-json\/wp\/v2\/posts\/12863","targetHints":{"allow":["GET"]}}],"collection":[{"href":"https:\/\/vocesparalelas.com.ar\/sitio\/wp-json\/wp\/v2\/posts"}],"about":[{"href":"https:\/\/vocesparalelas.com.ar\/sitio\/wp-json\/wp\/v2\/types\/post"}],"author":[{"embeddable":true,"href":"https:\/\/vocesparalelas.com.ar\/sitio\/wp-json\/wp\/v2\/users\/3"}],"replies":[{"embeddable":true,"href":"https:\/\/vocesparalelas.com.ar\/sitio\/wp-json\/wp\/v2\/comments?post=12863"}],"version-history":[{"count":0,"href":"https:\/\/vocesparalelas.com.ar\/sitio\/wp-json\/wp\/v2\/posts\/12863\/revisions"}],"wp:featuredmedia":[{"embeddable":true,"href":"https:\/\/vocesparalelas.com.ar\/sitio\/wp-json\/wp\/v2\/media\/12864"}],"wp:attachment":[{"href":"https:\/\/vocesparalelas.com.ar\/sitio\/wp-json\/wp\/v2\/media?parent=12863"}],"wp:term":[{"taxonomy":"category","embeddable":true,"href":"https:\/\/vocesparalelas.com.ar\/sitio\/wp-json\/wp\/v2\/categories?post=12863"},{"taxonomy":"post_tag","embeddable":true,"href":"https:\/\/vocesparalelas.com.ar\/sitio\/wp-json\/wp\/v2\/tags?post=12863"}],"curies":[{"name":"wp","href":"https:\/\/api.w.org\/{rel}","templated":true}]}}