{"id":12856,"date":"2018-06-26T15:56:57","date_gmt":"2018-06-26T18:56:57","guid":{"rendered":"http:\/\/vocesparalelas.com.ar\/sitio\/?p=12856"},"modified":"2018-06-26T20:20:26","modified_gmt":"2018-06-26T23:20:26","slug":"asueto-administracion-publica-nacional","status":"publish","type":"post","link":"https:\/\/vocesparalelas.com.ar\/sitio\/asueto-administracion-publica-nacional\/","title":{"rendered":"Asueto Administraci\u00f3n P\u00fablica Nacional"},"content":{"rendered":"<p>El Museo y Biblioteca Casa Natal de Sarmiento dependiente del Ministerio de Cultura de la Naci\u00f3n informa a la comunidad que el Mi\u00e9rcoles, 27 de Junio permanecer\u00e1n cerradas sus puertas al p\u00fablico por celebrarse el \u201cD\u00eda del Empleado de la Administraci\u00f3n P\u00fablica Nacional\u201d, seg\u00fan la Ley Nacional N\u00ba 26.876.<\/p>\n<p>Reabriendo sus puertas el Jueves, 28 de Junio, en su horario habitual.<\/p>\n<p>&nbsp;<\/p>\n<p>&nbsp;<\/p>\n","protected":false},"excerpt":{"rendered":"<p>El Museo y Biblioteca Casa Natal de Sarmiento dependiente del Ministerio de Cultura de la Naci\u00f3n informa a la comunidad<\/p>\n","protected":false},"author":3,"featured_media":4268,"comment_status":"closed","ping_status":"closed","sticky":false,"template":"","format":"standard","meta":{"_acf_changed":false,"_seopress_robots_primary_cat":"","_seopress_titles_title":"","_seopress_titles_desc":"","_seopress_robots_index":"","colormag_page_container_layout":"default_layout","colormag_page_sidebar_layout":"default_layout","footnotes":""},"categories":[1],"tags":[],"class_list":["post-12856","post","type-post","status-publish","format-standard","has-post-thumbnail","hentry","category-destacadas"],"acf":[],"_links":{"self":[{"href":"https:\/\/vocesparalelas.com.ar\/sitio\/wp-json\/wp\/v2\/posts\/12856","targetHints":{"allow":["GET"]}}],"collection":[{"href":"https:\/\/vocesparalelas.com.ar\/sitio\/wp-json\/wp\/v2\/posts"}],"about":[{"href":"https:\/\/vocesparalelas.com.ar\/sitio\/wp-json\/wp\/v2\/types\/post"}],"author":[{"embeddable":true,"href":"https:\/\/vocesparalelas.com.ar\/sitio\/wp-json\/wp\/v2\/users\/3"}],"replies":[{"embeddable":true,"href":"https:\/\/vocesparalelas.com.ar\/sitio\/wp-json\/wp\/v2\/comments?post=12856"}],"version-history":[{"count":0,"href":"https:\/\/vocesparalelas.com.ar\/sitio\/wp-json\/wp\/v2\/posts\/12856\/revisions"}],"wp:featuredmedia":[{"embeddable":true,"href":"https:\/\/vocesparalelas.com.ar\/sitio\/wp-json\/wp\/v2\/media\/4268"}],"wp:attachment":[{"href":"https:\/\/vocesparalelas.com.ar\/sitio\/wp-json\/wp\/v2\/media?parent=12856"}],"wp:term":[{"taxonomy":"category","embeddable":true,"href":"https:\/\/vocesparalelas.com.ar\/sitio\/wp-json\/wp\/v2\/categories?post=12856"},{"taxonomy":"post_tag","embeddable":true,"href":"https:\/\/vocesparalelas.com.ar\/sitio\/wp-json\/wp\/v2\/tags?post=12856"}],"curies":[{"name":"wp","href":"https:\/\/api.w.org\/{rel}","templated":true}]}}