{"id":12850,"date":"2018-06-25T23:36:05","date_gmt":"2018-06-26T02:36:05","guid":{"rendered":"http:\/\/vocesparalelas.com.ar\/sitio\/?p=12850"},"modified":"2018-06-25T23:36:05","modified_gmt":"2018-06-26T02:36:05","slug":"inauguraron-la-biblioteca-hibrida-y-firmaron-un-convenio-para-becas-estudiantiles","status":"publish","type":"post","link":"https:\/\/vocesparalelas.com.ar\/sitio\/inauguraron-la-biblioteca-hibrida-y-firmaron-un-convenio-para-becas-estudiantiles\/","title":{"rendered":"Inauguraron la Biblioteca H\u00edbrida y firmaron un convenio para becas estudiantiles"},"content":{"rendered":"<p>En el marco del 152\u00ba aniversario de la Sociedad Franklin Biblioteca Popular, se inaugur\u00f3 la Biblioteca H\u00edbrida con su nuevo equipamiento digital, mobiliario y libros digitales. Asimismo, en la se firm\u00f3 un convenio para otorgar becas escolares.<\/p>\n<p>Los objetivos de la Biblioteca H\u00edbrida son generar un \u00e1mbito dentro del edificio de la biblioteca que permita el acceso al conocimiento universal utilizando los m\u00e1s modernos recursos tecnol\u00f3gicos promoviendo en la comunidad un esp\u00edritu de innovaci\u00f3n y la motivaci\u00f3n que lleva al emprendedorismo y crear dentro de la sala principal de lectura de la biblioteca un espacio dotado de con su respectivo mobiliario en las que se almacenen libros y publicaciones digitales y permitan tambi\u00e9n el acceso en l\u00ednea a colecciones almacenadas en plataformas virtuales alrededor del mundo.<\/p>\n<p>Para tal fin, la Secretar\u00eda de Ciencia, Tecnolog\u00eda e Innovaci\u00f3n hizo entrega a la Biblioteca Popular de tablets y\/o e-readers con libros digitales y acceso en l\u00ednea a publicaciones y libros almacenados en plataformas digitales remotas.<\/p>\n<p><img loading=\"lazy\" decoding=\"async\" class=\"alignnone size-full wp-image-12852\" src=\"https:\/\/vocesparalelas.com.ar\/sitio\/wp-content\/uploads\/2018\/06\/BIBLIOTECA-FRANKLIN-02.jpg\" alt=\"\" width=\"1000\" height=\"666\" srcset=\"https:\/\/vocesparalelas.com.ar\/sitio\/wp-content\/uploads\/2018\/06\/BIBLIOTECA-FRANKLIN-02.jpg 1000w, https:\/\/vocesparalelas.com.ar\/sitio\/wp-content\/uploads\/2018\/06\/BIBLIOTECA-FRANKLIN-02-300x200.jpg 300w, https:\/\/vocesparalelas.com.ar\/sitio\/wp-content\/uploads\/2018\/06\/BIBLIOTECA-FRANKLIN-02-768x511.jpg 768w, https:\/\/vocesparalelas.com.ar\/sitio\/wp-content\/uploads\/2018\/06\/BIBLIOTECA-FRANKLIN-02-800x533.jpg 800w\" sizes=\"auto, (max-width: 1000px) 100vw, 1000px\" \/> <img loading=\"lazy\" decoding=\"async\" class=\"alignnone size-full wp-image-12851\" src=\"https:\/\/vocesparalelas.com.ar\/sitio\/wp-content\/uploads\/2018\/06\/BIBLIOTECA-FRANKLIN-01.jpg\" alt=\"\" width=\"1000\" height=\"666\" srcset=\"https:\/\/vocesparalelas.com.ar\/sitio\/wp-content\/uploads\/2018\/06\/BIBLIOTECA-FRANKLIN-01.jpg 1000w, https:\/\/vocesparalelas.com.ar\/sitio\/wp-content\/uploads\/2018\/06\/BIBLIOTECA-FRANKLIN-01-300x200.jpg 300w, https:\/\/vocesparalelas.com.ar\/sitio\/wp-content\/uploads\/2018\/06\/BIBLIOTECA-FRANKLIN-01-768x511.jpg 768w, https:\/\/vocesparalelas.com.ar\/sitio\/wp-content\/uploads\/2018\/06\/BIBLIOTECA-FRANKLIN-01-800x533.jpg 800w\" sizes=\"auto, (max-width: 1000px) 100vw, 1000px\" \/><\/p>\n<p><span style=\"color: #008000\"><strong>En cuanto a las becas<\/strong><\/span><\/p>\n<p>La Biblioteca se compromete a asociar, por el plazo de 12 meses, a partir del 1 de diciembre de 2018, a 300 alumnos de escuelas de gesti\u00f3n p\u00fablica y\/o privada de la provincia de San Juan, seleccionados de entre los nuevos cuerpos de bandera y mejores promedios de dichas escuelas que cursen el \u00faltimo a\u00f1o del ciclo primario en el a\u00f1o 2019. La Secretar\u00eda se compromete a gestionar ante el Ministerio de Educaci\u00f3n la selecci\u00f3n de las escuelas p\u00fablicas que ser\u00e1n beneficiadas con el proyecto, solicitar a las autoridades competentes la n\u00f3mina de los abanderados y escoltas para el ciclo lectivo 2019, de cada escuela seleccionada y definir junto al Ministerio de Educaci\u00f3n la lista de los 300 alumnos beneficiarios de la beca, notificando a las escuelas la entrega de las becas.<\/p>\n<p>Por ello, el Secretario de Ciencia, Tecnolog\u00eda e Innovaci\u00f3n, Ing. Tulio del Bono afirm\u00f3 que \u201cel Gobierno de San Juan tiene la firme voluntad de promover y proveer el desarrollo tecnol\u00f3gico de inversiones en el \u00e1mbito de la provincia fomentando el conocimiento como motor del progreso econ\u00f3mico social, alentando la competitividad a trav\u00e9s de la tecnolog\u00eda y la innovaci\u00f3n. La importancia de este proyecto reside en ofrecerle al estudiante desde temprana edad, la posibilidad de ser socio de la Biblioteca Franklin, buscando que los becados experimenten el insustituible sentimiento de ser parte de un proyecto que los integra y al mismo tiempo los trasciende\u201d.<\/p>\n<p>\u201cEs una manera de rescatar y trasmitir a las nuevas generaciones la idea del asociativismo, con todos los valores que ello involucra, pudiendo los beneficiarios del proyecto vivenciar el valor de la solidaridad y la libertad, desde que las asociaciones persiguen objetivos comunes que requieren esfuerzos compartidos y participaci\u00f3n en los logros y beneficios obtenidos\u201d \u2013 el Ing. Del Bono.<\/p>\n<p>Adem\u00e1s, estuvieron presentes el Ministro de Educaci\u00f3n, Lic. Felipe De Los R\u00edos; el intendente de la Municipalidad de la Capital, Lic. Franco Aranda, la presidente de la Sociedad Franklin Biblioteca Popular, Dra. Rita Avel\u00edn, otros funcionarios, invitados especiales y socios.<\/p>\n<p>&nbsp;<\/p>\n<p>&nbsp;<\/p>\n","protected":false},"excerpt":{"rendered":"<p>En el marco del 152\u00ba aniversario de la Sociedad Franklin Biblioteca Popular, se inaugur\u00f3 la Biblioteca H\u00edbrida con su nuevo<\/p>\n","protected":false},"author":3,"featured_media":12853,"comment_status":"closed","ping_status":"closed","sticky":false,"template":"","format":"standard","meta":{"_acf_changed":false,"_seopress_robots_primary_cat":"","_seopress_titles_title":"","_seopress_titles_desc":"","_seopress_robots_index":"","colormag_page_container_layout":"default_layout","colormag_page_sidebar_layout":"default_layout","footnotes":""},"categories":[1],"tags":[],"class_list":["post-12850","post","type-post","status-publish","format-standard","has-post-thumbnail","hentry","category-destacadas"],"acf":[],"_links":{"self":[{"href":"https:\/\/vocesparalelas.com.ar\/sitio\/wp-json\/wp\/v2\/posts\/12850","targetHints":{"allow":["GET"]}}],"collection":[{"href":"https:\/\/vocesparalelas.com.ar\/sitio\/wp-json\/wp\/v2\/posts"}],"about":[{"href":"https:\/\/vocesparalelas.com.ar\/sitio\/wp-json\/wp\/v2\/types\/post"}],"author":[{"embeddable":true,"href":"https:\/\/vocesparalelas.com.ar\/sitio\/wp-json\/wp\/v2\/users\/3"}],"replies":[{"embeddable":true,"href":"https:\/\/vocesparalelas.com.ar\/sitio\/wp-json\/wp\/v2\/comments?post=12850"}],"version-history":[{"count":0,"href":"https:\/\/vocesparalelas.com.ar\/sitio\/wp-json\/wp\/v2\/posts\/12850\/revisions"}],"wp:featuredmedia":[{"embeddable":true,"href":"https:\/\/vocesparalelas.com.ar\/sitio\/wp-json\/wp\/v2\/media\/12853"}],"wp:attachment":[{"href":"https:\/\/vocesparalelas.com.ar\/sitio\/wp-json\/wp\/v2\/media?parent=12850"}],"wp:term":[{"taxonomy":"category","embeddable":true,"href":"https:\/\/vocesparalelas.com.ar\/sitio\/wp-json\/wp\/v2\/categories?post=12850"},{"taxonomy":"post_tag","embeddable":true,"href":"https:\/\/vocesparalelas.com.ar\/sitio\/wp-json\/wp\/v2\/tags?post=12850"}],"curies":[{"name":"wp","href":"https:\/\/api.w.org\/{rel}","templated":true}]}}