{"id":12848,"date":"2018-06-25T23:15:47","date_gmt":"2018-06-26T02:15:47","guid":{"rendered":"http:\/\/vocesparalelas.com.ar\/sitio\/?p=12848"},"modified":"2018-06-25T23:15:47","modified_gmt":"2018-06-26T02:15:47","slug":"otros-productos-que-se-hacen-con-la-miel","status":"publish","type":"post","link":"https:\/\/vocesparalelas.com.ar\/sitio\/otros-productos-que-se-hacen-con-la-miel\/","title":{"rendered":"Otros productos que se hacen con la miel"},"content":{"rendered":"<p>En el Cierre de la 6\u00aa Semana de la Miel, se realiz\u00f3 en la Planta Baja del Centro C\u00edvico con gran des expositores de este producto tan dulce agradable, que la brindan las abejas.<\/p>\n<p>Voces Paralelas entrevist\u00f3 a la Apicultora, Mar\u00eda Rivera, del Departamento Albard\u00f3n, quien expuso distintos conceptos sobre la producci\u00f3n de la Miel.<\/p>\n<p><iframe loading=\"lazy\" width=\"800\" height=\"450\" src=\"https:\/\/www.youtube.com\/embed\/sAi60OkSEeU?feature=oembed\" frameborder=\"0\" allow=\"autoplay; encrypted-media\" allowfullscreen><\/iframe><\/p>\n<p>&nbsp;<\/p>\n<p>&nbsp;<\/p>\n","protected":false},"excerpt":{"rendered":"<p>En el Cierre de la 6\u00aa Semana de la Miel, se realiz\u00f3 en la Planta Baja del Centro C\u00edvico con<\/p>\n","protected":false},"author":3,"featured_media":12805,"comment_status":"closed","ping_status":"closed","sticky":false,"template":"","format":"video","meta":{"_acf_changed":false,"_seopress_robots_primary_cat":"","_seopress_titles_title":"","_seopress_titles_desc":"","_seopress_robots_index":"","colormag_page_container_layout":"default_layout","colormag_page_sidebar_layout":"default_layout","footnotes":""},"categories":[1,7],"tags":[],"class_list":["post-12848","post","type-post","status-publish","format-video","has-post-thumbnail","hentry","category-destacadas","category-videos","post_format-post-format-video"],"acf":[],"_links":{"self":[{"href":"https:\/\/vocesparalelas.com.ar\/sitio\/wp-json\/wp\/v2\/posts\/12848","targetHints":{"allow":["GET"]}}],"collection":[{"href":"https:\/\/vocesparalelas.com.ar\/sitio\/wp-json\/wp\/v2\/posts"}],"about":[{"href":"https:\/\/vocesparalelas.com.ar\/sitio\/wp-json\/wp\/v2\/types\/post"}],"author":[{"embeddable":true,"href":"https:\/\/vocesparalelas.com.ar\/sitio\/wp-json\/wp\/v2\/users\/3"}],"replies":[{"embeddable":true,"href":"https:\/\/vocesparalelas.com.ar\/sitio\/wp-json\/wp\/v2\/comments?post=12848"}],"version-history":[{"count":0,"href":"https:\/\/vocesparalelas.com.ar\/sitio\/wp-json\/wp\/v2\/posts\/12848\/revisions"}],"wp:featuredmedia":[{"embeddable":true,"href":"https:\/\/vocesparalelas.com.ar\/sitio\/wp-json\/wp\/v2\/media\/12805"}],"wp:attachment":[{"href":"https:\/\/vocesparalelas.com.ar\/sitio\/wp-json\/wp\/v2\/media?parent=12848"}],"wp:term":[{"taxonomy":"category","embeddable":true,"href":"https:\/\/vocesparalelas.com.ar\/sitio\/wp-json\/wp\/v2\/categories?post=12848"},{"taxonomy":"post_tag","embeddable":true,"href":"https:\/\/vocesparalelas.com.ar\/sitio\/wp-json\/wp\/v2\/tags?post=12848"}],"curies":[{"name":"wp","href":"https:\/\/api.w.org\/{rel}","templated":true}]}}