{"id":12839,"date":"2018-06-25T21:59:52","date_gmt":"2018-06-26T00:59:52","guid":{"rendered":"http:\/\/vocesparalelas.com.ar\/sitio\/?p=12839"},"modified":"2018-06-25T21:59:52","modified_gmt":"2018-06-26T00:59:52","slug":"presentan-la-4a-convocatoria-del-concurso-san-juan-escribe-premio-jorge-leonidas-escudero-2018","status":"publish","type":"post","link":"https:\/\/vocesparalelas.com.ar\/sitio\/presentan-la-4a-convocatoria-del-concurso-san-juan-escribe-premio-jorge-leonidas-escudero-2018\/","title":{"rendered":"Presentan la 4\u00aa Convocatoria del Concurso \u201cSan Juan Escribe\u201d &#8211; Premio Jorge Le\u00f3nidas Escudero 2018"},"content":{"rendered":"<p>El vicegobernador Dr. Marcelo Lima preside el Martes, 26 de Junio, a las 10.30 horas, la conferencia de prensa sobre el lanzamiento de la cuarta convocatoria del concurso \u201cSan Juan Escribe- Premio Jorge Le\u00f3nidas Escudero. Edici\u00f3n 2018\u201d, en la sala de presidencia de la C\u00e1mara de Diputados.<\/p>\n<p>Para la presente oportunidad, el tema de las obras ser\u00e1 de libre elecci\u00f3n, no habr\u00e1 l\u00edmites de edad, contar\u00e1 con resoluci\u00f3n ministerial y los g\u00e9neros ser\u00e1n los siguientes: \u201cL\u00edrica, \u201cCuentos\u201d, \u201cNovelas\u201d, \u201cNo Ficci\u00f3n\u201d. El plazo para entregar los trabajos ser\u00e1 desde el 27 de junio hasta el 28 de septiembre de 2018, 19 horas.<\/p>\n<p>La premiaci\u00f3n ser\u00e1 para el primero y segundo puesto por cada g\u00e9nero literario. El ganador recibir\u00e1 una suma de treinta mil pesos y la edici\u00f3n de su obra; y quien le sigue se har\u00e1 acreedor de quince mil pesos y tambi\u00e9n de la edici\u00f3n de su libro. Todos los escritores concursantes obtendr\u00e1n un diploma por su participaci\u00f3n.<\/p>\n<p>Cabe recordar que este certamen literario se realiza desde el a\u00f1o 2015 y en su tercera edici\u00f3n ampli\u00f3 sus l\u00edmites y tuvo un alcance regional con la invitaci\u00f3n a escritores de las provincias de Mendoza y San Luis. Fueron presentadas m\u00e1s de 150 obras en total.<\/p>\n<p>Es importante destacar que su objetivo es tejer redes que contribuyan a una mayor visibilizaci\u00f3n de los autores cuyanos. Es una puerta abierta a la cultura, a la expresi\u00f3n de un modo de vivir y de sentir que permite comprender una cierta idiosincrasia de estas provincias hermanas.<\/p>\n<p><strong><span style=\"color: #008000\">Testimonio del\u00a0concurso \u201cSan Juan Escribe- Premio Jorge Le\u00f3nidas Escudero. Edici\u00f3n 2017\u201d por parte del Lic. Hugo Iv\u00e1n Hidalgo, autor de \u201cAspectos decimon\u00f3nicos de la geograf\u00eda argentina Domingo Faustino Sarmiento y Germ\u00e1n Burmeister\u201d.\u00a0<\/span><\/strong><\/p>\n<p><iframe loading=\"lazy\" width=\"800\" height=\"450\" src=\"https:\/\/www.youtube.com\/embed\/RQxYAAukkCs?feature=oembed\" frameborder=\"0\" allow=\"autoplay; encrypted-media\" allowfullscreen><\/iframe><\/p>\n<p>&nbsp;<\/p>\n<p>&nbsp;<\/p>\n<p>&nbsp;<\/p>\n<p>&nbsp;<\/p>\n","protected":false},"excerpt":{"rendered":"<p>El vicegobernador Dr. Marcelo Lima preside el Martes, 26 de Junio, a las 10.30 horas, la conferencia de prensa sobre<\/p>\n","protected":false},"author":3,"featured_media":12840,"comment_status":"closed","ping_status":"closed","sticky":false,"template":"","format":"video","meta":{"_acf_changed":false,"_seopress_robots_primary_cat":"","_seopress_titles_title":"","_seopress_titles_desc":"","_seopress_robots_index":"","colormag_page_container_layout":"default_layout","colormag_page_sidebar_layout":"default_layout","footnotes":""},"categories":[1,7],"tags":[],"class_list":["post-12839","post","type-post","status-publish","format-video","has-post-thumbnail","hentry","category-destacadas","category-videos","post_format-post-format-video"],"acf":[],"_links":{"self":[{"href":"https:\/\/vocesparalelas.com.ar\/sitio\/wp-json\/wp\/v2\/posts\/12839","targetHints":{"allow":["GET"]}}],"collection":[{"href":"https:\/\/vocesparalelas.com.ar\/sitio\/wp-json\/wp\/v2\/posts"}],"about":[{"href":"https:\/\/vocesparalelas.com.ar\/sitio\/wp-json\/wp\/v2\/types\/post"}],"author":[{"embeddable":true,"href":"https:\/\/vocesparalelas.com.ar\/sitio\/wp-json\/wp\/v2\/users\/3"}],"replies":[{"embeddable":true,"href":"https:\/\/vocesparalelas.com.ar\/sitio\/wp-json\/wp\/v2\/comments?post=12839"}],"version-history":[{"count":0,"href":"https:\/\/vocesparalelas.com.ar\/sitio\/wp-json\/wp\/v2\/posts\/12839\/revisions"}],"wp:featuredmedia":[{"embeddable":true,"href":"https:\/\/vocesparalelas.com.ar\/sitio\/wp-json\/wp\/v2\/media\/12840"}],"wp:attachment":[{"href":"https:\/\/vocesparalelas.com.ar\/sitio\/wp-json\/wp\/v2\/media?parent=12839"}],"wp:term":[{"taxonomy":"category","embeddable":true,"href":"https:\/\/vocesparalelas.com.ar\/sitio\/wp-json\/wp\/v2\/categories?post=12839"},{"taxonomy":"post_tag","embeddable":true,"href":"https:\/\/vocesparalelas.com.ar\/sitio\/wp-json\/wp\/v2\/tags?post=12839"}],"curies":[{"name":"wp","href":"https:\/\/api.w.org\/{rel}","templated":true}]}}