{"id":12829,"date":"2018-06-25T21:08:05","date_gmt":"2018-06-26T00:08:05","guid":{"rendered":"http:\/\/vocesparalelas.com.ar\/sitio\/?p=12829"},"modified":"2018-06-27T00:29:03","modified_gmt":"2018-06-27T03:29:03","slug":"la-campana-contra-la-gripe-continua-durante-todo-el-mes-de-julio","status":"publish","type":"post","link":"https:\/\/vocesparalelas.com.ar\/sitio\/la-campana-contra-la-gripe-continua-durante-todo-el-mes-de-julio\/","title":{"rendered":"La Campa\u00f1a contra la gripe contin\u00faa durante todo el mes de Julio"},"content":{"rendered":"<p>Desde la Divisi\u00f3n Epidemiolog\u00eda recomiendan a los grupos de riesgo que a\u00fan no se hayan vacunado que se acerquen a los centros de Salud o al Vacunatorio Provincial.<\/p>\n<p>La jefa de Epidemiolog\u00eda del Ministerio de Salud P\u00fablica, Dra. M\u00f3nica Jofr\u00e9, explic\u00f3 que \u201chan llegado las vacunas pedi\u00e1tricas y de adultos que se pidieron a Naci\u00f3n, por lo que hasta el 31 de julio el grupo de riesgo tiene tiempo para vacunarse. Esto es, embarazadas, pu\u00e9rperas, ni\u00f1os de 6 a 24 meses y el grupo de riesgo de 9 a 64 a\u00f1os con determinadas patolog\u00edas o enfermedades cr\u00f3nicas\u201d.<\/p>\n<p>\u201cSi bien en el \u00faltimo mes ha aumentado la cantidad de personas que se han vacunado, a\u00fan no hemos llegado al 100 por ciento. Ha aumentado la vacunaci\u00f3n de las embarazadas a quienes estamos llegando pr\u00e1cticamente al 50 por ciento. Recordemos que no solamente se protege a la mam\u00e1 sino tambi\u00e9n el producto de la gestaci\u00f3n, y esto es muy importante porque sabemos que, si la mam\u00e1 tiene una influenza de cualquier tipo que sea, H1N1 o una influenza del tipo estacional, las complicaciones en muchos casos, sobre todo en el primer trimestre del embarazo, pueden llegar a una internaci\u00f3n o a un aborto espont\u00e1neo. Entonces en estos casos la vacunaci\u00f3n es doble\u201d.<\/p>\n<p>\u201cTenemos menos de 50 por ciento en toda aquella poblaci\u00f3n con enfermedades cr\u00f3nicas, o sea, pacientes obesos, diab\u00e9ticos, pacientes con enfermedades renales, enfermedades pulmonares o card\u00edacas cr\u00f3nicas que deben vacunarse. Y en otros grupos tambi\u00e9n han acudido un poco m\u00e1s pero a\u00fan no llegamos a la meta, estos son, los ni\u00f1os de 6 meses a 2 a\u00f1os, las pu\u00e9rperas y el grupo de los pacientes con enfermedades cr\u00f3nicas. De todos modos, estamos a tiempo de hacerlo, reci\u00e9n empieza el invierno y la vacuna est\u00e1 disponible en todos los centros de Salud y el Vacunatorio de 7 a 18 hs.\u201d.<\/p>\n<p>\u201cAquellas personas que est\u00e1n dentro del grupo de riesgo, que ya tienen en su carnet de vacunaci\u00f3n la certificaci\u00f3n de que han sido vacunados en a\u00f1os anteriores, no hace falta que vuelvan con la orden del m\u00e9dico. Es importante destacar que los grupos de riesgo deben volver a vacunarse, el virus de la gripe es un virus con caracter\u00edsticas especiales, muta, va cambiando, entonces todos los a\u00f1os para la gripe hay una vacuna nueva. En este caso la vacuna tiene tres cepas, una de ellas protege contra el H1N1 y este a\u00f1o principalmente trae dos cepas nuevas, o sea que es una vacuna con amplia cobertura\u201d.<\/p>\n<p>\u201cRecomiendo que asistan a los centros de Salud y no se automediquen para evitar complicaciones. Habitualmente piden antibi\u00f3ticos y esto no es necesario porque la gripe es un cuadro viral y m\u00e1s a\u00fan en el grupo de riesgo como son los pacientes inmunodeprimidos. Puede ser que no tengan todos los s\u00edntomas as\u00ed que lo que se sugiere es consultar a la brevedad ya que hay un tratamiento espec\u00edfico, si el m\u00e9dico considera que ese paciente se tiene que internar, se le toma muestra y se le da una medicaci\u00f3n que es el Oseltamivir que es una medicaci\u00f3n que llega desde Naci\u00f3n y nosotros desde Epidemiolog\u00eda ya hemos distribuido\u201d \u2013 sintetiz\u00f3 la Dra. Jofr\u00e9.<\/p>\n<p>&nbsp;<\/p>\n<p>&nbsp;<\/p>\n<p>&nbsp;<\/p>\n<p>&nbsp;<\/p>\n","protected":false},"excerpt":{"rendered":"<p>Desde la Divisi\u00f3n Epidemiolog\u00eda recomiendan a los grupos de riesgo que a\u00fan no se hayan vacunado que se acerquen a<\/p>\n","protected":false},"author":3,"featured_media":12845,"comment_status":"closed","ping_status":"closed","sticky":false,"template":"","format":"standard","meta":{"_acf_changed":false,"_seopress_robots_primary_cat":"","_seopress_titles_title":"","_seopress_titles_desc":"","_seopress_robots_index":"","colormag_page_container_layout":"default_layout","colormag_page_sidebar_layout":"default_layout","footnotes":""},"categories":[2],"tags":[],"class_list":["post-12829","post","type-post","status-publish","format-standard","has-post-thumbnail","hentry","category-convocatorias"],"acf":[],"_links":{"self":[{"href":"https:\/\/vocesparalelas.com.ar\/sitio\/wp-json\/wp\/v2\/posts\/12829","targetHints":{"allow":["GET"]}}],"collection":[{"href":"https:\/\/vocesparalelas.com.ar\/sitio\/wp-json\/wp\/v2\/posts"}],"about":[{"href":"https:\/\/vocesparalelas.com.ar\/sitio\/wp-json\/wp\/v2\/types\/post"}],"author":[{"embeddable":true,"href":"https:\/\/vocesparalelas.com.ar\/sitio\/wp-json\/wp\/v2\/users\/3"}],"replies":[{"embeddable":true,"href":"https:\/\/vocesparalelas.com.ar\/sitio\/wp-json\/wp\/v2\/comments?post=12829"}],"version-history":[{"count":0,"href":"https:\/\/vocesparalelas.com.ar\/sitio\/wp-json\/wp\/v2\/posts\/12829\/revisions"}],"wp:featuredmedia":[{"embeddable":true,"href":"https:\/\/vocesparalelas.com.ar\/sitio\/wp-json\/wp\/v2\/media\/12845"}],"wp:attachment":[{"href":"https:\/\/vocesparalelas.com.ar\/sitio\/wp-json\/wp\/v2\/media?parent=12829"}],"wp:term":[{"taxonomy":"category","embeddable":true,"href":"https:\/\/vocesparalelas.com.ar\/sitio\/wp-json\/wp\/v2\/categories?post=12829"},{"taxonomy":"post_tag","embeddable":true,"href":"https:\/\/vocesparalelas.com.ar\/sitio\/wp-json\/wp\/v2\/tags?post=12829"}],"curies":[{"name":"wp","href":"https:\/\/api.w.org\/{rel}","templated":true}]}}