{"id":12826,"date":"2018-06-25T20:24:37","date_gmt":"2018-06-25T23:24:37","guid":{"rendered":"http:\/\/vocesparalelas.com.ar\/sitio\/?p=12826"},"modified":"2018-06-27T23:31:31","modified_gmt":"2018-06-28T02:31:31","slug":"con-esperanza-insistimos-vale-toda-vida","status":"publish","type":"post","link":"https:\/\/vocesparalelas.com.ar\/sitio\/con-esperanza-insistimos-vale-toda-vida\/","title":{"rendered":"Con esperanza insistimos \u00a1Vale toda vida!"},"content":{"rendered":"<p>Los obispos de las Di\u00f3cesis de San Luis, San Rafael, Mendoza y San Juan, habiendo realizado una jornada de reflexi\u00f3n y oraci\u00f3n, queremos hacer llegar a nuestros feligreses, a los creyentes de otras religiones y a los ciudadanos en general, nuestra preocupaci\u00f3n y dolor ante la posibilidad de que en nuestra querida tierra argentina la legalizaci\u00f3n del aborto sea una realidad.<\/p>\n<p>Al mismo tiempo, con los ojos fijos en Jes\u00fas, mantenemos la esperanza de que es posible un camino diferente e inclusivo que proteja toda vida, especialmente la vida inocente en gestaci\u00f3n, la de los m\u00e1s pobres y vulnerables, y de quienes tienen capacidades diferentes.<\/p>\n<p>Sin eufemismos, afirmamos que se plantea la legalizaci\u00f3n de eliminar la vida m\u00e1s indefensa, la que crece en el vientre materno. Con el pretexto de promover algunos supuestos derechos individuales se sacrifica el derecho a la vida de los ni\u00f1os por nacer, que es el primero de los derechos humanos sin el cual no hay lugar para otros.<\/p>\n<p>El proyecto aprobado con media sanci\u00f3n reviste rasgos de autoritarismo por la imposici\u00f3n de la obligaci\u00f3n de ir en contra de los principios leg\u00edtimos personales e institucionales respecto del cuidado de la vida. Por eso, queremos manifestar nuestro apoyo y cercan\u00eda a las personas e instituciones de la salud vinculadas a la vida naciente que en estos d\u00edas nos acercaron sus angustias, preocupaciones y dolores. \u00bfPor qu\u00e9 deben anotarse los que presenten objeci\u00f3n de conciencia, y no m\u00e1s bien hacerlo los que est\u00e1n dispuestos a realizar pr\u00e1cticas reprobables? Nadie puede ser obligado a obedecer una orden que vaya en contra de sus principios, y de los mandatos objetivos del respeto a la dignidad de toda vida humana.<\/p>\n<p>Valoramos el compromiso de tantos hermanos y hermanas que desde su vocaci\u00f3n laical emprendieron campa\u00f1as y participaron de movilizaciones promoviendo el cuidado de toda vida, y los alentamos a perseverar con claridad, firmeza y pasi\u00f3n en sus esfuerzos, pues \u00a1Vale toda vida! As\u00ed mismo agradecemos a los diputados que votaron a favor de la vida, soportando insultos y desacreditaciones provenientes de distintos sectores.<\/p>\n<p>Solicitamos a nuestros senadores que asuman la responsabilidad que les compete como integrantes de la C\u00e1mara Alta y expresen con su voto a favor de la vida el sentir federal de nuestras provincias. Que los intereses econ\u00f3micos y demogr\u00e1ficos, subordinados a factores de poderes internacionales, no determinen una decisi\u00f3n en contra de la vida. Pues insistimos: \u00a1Vale toda vida!<\/p>\n<p>Confiamos a Nuestra Se\u00f1ora del Rosario, patrona de Cuyo, este camino que transitamos buscando promover el cuidado y crecimiento de toda vida.<\/p>\n<p>&nbsp;<\/p>\n<p style=\"text-align: right\">San Juan, 25 de junio de 2018<\/p>\n<p>+ Jorge E. Lozano<\/p>\n<p>Arzobispo de San Juan de Cuyo<\/p>\n<p>+ Dante G. Braida<\/p>\n<p>Administrador Apost\u00f3lico<\/p>\n<p>Arquidi\u00f3cesis de Mendoza<\/p>\n<p>+ Eduardo M. Taussig<\/p>\n<p>Obispo de San Rafael<\/p>\n<p>+ Pedro D. Mart\u00ednez Perea<\/p>\n<p>Obispo de San Luis<\/p>\n<p>+ Marcelo F. Mazzitelli<\/p>\n<p>Obispo Auxiliar de Mendoza<\/p>\n<p>&nbsp;<\/p>\n<p>&nbsp;<\/p>\n","protected":false},"excerpt":{"rendered":"<p>Los obispos de las Di\u00f3cesis de San Luis, San Rafael, Mendoza y San Juan, habiendo realizado una jornada de reflexi\u00f3n<\/p>\n","protected":false},"author":3,"featured_media":12827,"comment_status":"closed","ping_status":"closed","sticky":false,"template":"","format":"standard","meta":{"_acf_changed":false,"_seopress_robots_primary_cat":"","_seopress_titles_title":"","_seopress_titles_desc":"","_seopress_robots_index":"","colormag_page_container_layout":"default_layout","colormag_page_sidebar_layout":"default_layout","footnotes":""},"categories":[10],"tags":[],"class_list":["post-12826","post","type-post","status-publish","format-standard","has-post-thumbnail","hentry","category-opiniones"],"acf":[],"_links":{"self":[{"href":"https:\/\/vocesparalelas.com.ar\/sitio\/wp-json\/wp\/v2\/posts\/12826","targetHints":{"allow":["GET"]}}],"collection":[{"href":"https:\/\/vocesparalelas.com.ar\/sitio\/wp-json\/wp\/v2\/posts"}],"about":[{"href":"https:\/\/vocesparalelas.com.ar\/sitio\/wp-json\/wp\/v2\/types\/post"}],"author":[{"embeddable":true,"href":"https:\/\/vocesparalelas.com.ar\/sitio\/wp-json\/wp\/v2\/users\/3"}],"replies":[{"embeddable":true,"href":"https:\/\/vocesparalelas.com.ar\/sitio\/wp-json\/wp\/v2\/comments?post=12826"}],"version-history":[{"count":0,"href":"https:\/\/vocesparalelas.com.ar\/sitio\/wp-json\/wp\/v2\/posts\/12826\/revisions"}],"wp:featuredmedia":[{"embeddable":true,"href":"https:\/\/vocesparalelas.com.ar\/sitio\/wp-json\/wp\/v2\/media\/12827"}],"wp:attachment":[{"href":"https:\/\/vocesparalelas.com.ar\/sitio\/wp-json\/wp\/v2\/media?parent=12826"}],"wp:term":[{"taxonomy":"category","embeddable":true,"href":"https:\/\/vocesparalelas.com.ar\/sitio\/wp-json\/wp\/v2\/categories?post=12826"},{"taxonomy":"post_tag","embeddable":true,"href":"https:\/\/vocesparalelas.com.ar\/sitio\/wp-json\/wp\/v2\/tags?post=12826"}],"curies":[{"name":"wp","href":"https:\/\/api.w.org\/{rel}","templated":true}]}}