{"id":12646,"date":"2018-06-26T18:36:07","date_gmt":"2018-06-26T21:36:07","guid":{"rendered":"http:\/\/vocesparalelas.com.ar\/sitio\/?p=12646"},"modified":"2018-06-26T19:26:44","modified_gmt":"2018-06-26T22:26:44","slug":"feria-de-la-economia-popular-2","status":"publish","type":"post","link":"https:\/\/vocesparalelas.com.ar\/sitio\/feria-de-la-economia-popular-2\/","title":{"rendered":"Feria de la Econom\u00eda Popular"},"content":{"rendered":"<p>La Confederaci\u00f3n de Trabajadores de la Econom\u00eda Popular &#8211; Movimiento Evita &#8211; CTEP-Evita -, invita a la comunidad a la Feria de la Econom\u00eda Popular que se realiza el\u00a0Mi\u00e9rcoles, 27 y Jueves, 28 de Junio, desde las 9 hs.; en la Plaza Laprida y el Viernes, 29 de Junio, desde las 10 hs.; en la Plaza Medalla Milagrosa del Barrio Bancario.<\/p>\n<p>Artesan\u00edas, textiles, dulces conservas, verduras, frutas, panificaci\u00f3n, productos para cel\u00edacos, productos reciclados, herrer\u00eda art\u00edstica. Mano a mano, del productor al consumidor.<\/p>\n<p>Precios directos del productor al consumidor, precios justos, sin intermediarios. Por la dignidad de los trabajadores de la Econom\u00eda Popular.<\/p>\n<p><span style=\"color: #ff00ff\"><strong>Organiza<\/strong><\/span><\/p>\n<p>CTEP San Juan (Confederaci\u00f3n de Trabajadores de la Econom\u00eda Popular), Movimiento Evita San Juan.<\/p>\n<p>&nbsp;<\/p>\n<p>&nbsp;<\/p>\n<p>&nbsp;<\/p>\n<p>&nbsp;<\/p>\n<p>&nbsp;<\/p>\n","protected":false},"excerpt":{"rendered":"<p>La Confederaci\u00f3n de Trabajadores de la Econom\u00eda Popular &#8211; Movimiento Evita &#8211; CTEP-Evita -, invita a la comunidad a la<\/p>\n","protected":false},"author":3,"featured_media":12649,"comment_status":"closed","ping_status":"closed","sticky":false,"template":"","format":"standard","meta":{"_acf_changed":false,"_seopress_robots_primary_cat":"","_seopress_titles_title":"","_seopress_titles_desc":"","_seopress_robots_index":"","colormag_page_container_layout":"default_layout","colormag_page_sidebar_layout":"default_layout","footnotes":""},"categories":[6],"tags":[],"class_list":["post-12646","post","type-post","status-publish","format-standard","has-post-thumbnail","hentry","category-eventos"],"acf":[],"_links":{"self":[{"href":"https:\/\/vocesparalelas.com.ar\/sitio\/wp-json\/wp\/v2\/posts\/12646","targetHints":{"allow":["GET"]}}],"collection":[{"href":"https:\/\/vocesparalelas.com.ar\/sitio\/wp-json\/wp\/v2\/posts"}],"about":[{"href":"https:\/\/vocesparalelas.com.ar\/sitio\/wp-json\/wp\/v2\/types\/post"}],"author":[{"embeddable":true,"href":"https:\/\/vocesparalelas.com.ar\/sitio\/wp-json\/wp\/v2\/users\/3"}],"replies":[{"embeddable":true,"href":"https:\/\/vocesparalelas.com.ar\/sitio\/wp-json\/wp\/v2\/comments?post=12646"}],"version-history":[{"count":0,"href":"https:\/\/vocesparalelas.com.ar\/sitio\/wp-json\/wp\/v2\/posts\/12646\/revisions"}],"wp:featuredmedia":[{"embeddable":true,"href":"https:\/\/vocesparalelas.com.ar\/sitio\/wp-json\/wp\/v2\/media\/12649"}],"wp:attachment":[{"href":"https:\/\/vocesparalelas.com.ar\/sitio\/wp-json\/wp\/v2\/media?parent=12646"}],"wp:term":[{"taxonomy":"category","embeddable":true,"href":"https:\/\/vocesparalelas.com.ar\/sitio\/wp-json\/wp\/v2\/categories?post=12646"},{"taxonomy":"post_tag","embeddable":true,"href":"https:\/\/vocesparalelas.com.ar\/sitio\/wp-json\/wp\/v2\/tags?post=12646"}],"curies":[{"name":"wp","href":"https:\/\/api.w.org\/{rel}","templated":true}]}}